{"id":567083,"date":"2025-11-29T17:22:18","date_gmt":"2025-11-29T17:22:18","guid":{"rendered":"https:\/\/www.europesays.com\/fr\/567083\/"},"modified":"2025-11-29T17:22:18","modified_gmt":"2025-11-29T17:22:18","slug":"lyon-compte-sur-corentin-tolisso-pour-se-relancer-contre-nantes","status":"publish","type":"post","link":"https:\/\/www.europesays.com\/fr\/567083\/","title":{"rendered":"Lyon compte sur Corentin Tolisso pour se relancer contre Nantes"},"content":{"rendered":"<p><strong>Lyon\u00a0&#8211; Nantes<\/strong><\/p>\n<p>Le milieu et capitaine de Lyon, Corentin Tolisso, n\u2019a pas abandonn\u00e9 l\u2019id\u00e9e de disputer le Mondial 2026 l\u2019\u00e9t\u00e9 prochain m\u00eame s\u2019il n\u2019a plus \u00e9t\u00e9 appel\u00e9 en \u00e9quipe de France depuis quatre ans. \u00ab\u00a0C\u2019est une \u00e9volution de mon jeu. Je prends de l\u2019\u00e2ge et de l\u2019exp\u00e9rience. Je me sens dans la meilleure forme de ma carri\u00e8re, surtout sur l\u2019ann\u00e9e 2025, pas seulement sur les buts que je marque mais dans le jeu\u00a0\u00bb, a-t-il affirm\u00e9 samedi 29\u00a0novembre \u00e0 la veille d\u2019affronter Nantes, ce dimanche.<\/p>\n<p>\u00ab\u00a0Je suis content de ce que je fais et sur mes efforts physiques. \u00c7a m\u2019aide d\u2019\u00eatre lib\u00e9r\u00e9 mentalement. Le plus dur est d\u2019\u00eatre r\u00e9gulier sur la saison. Il faut que je continue \u00e0 aider mon \u00e9quipe \u00e0 gagner et marquer encore des buts\u00a0\u00bb, a ajout\u00e9 le joueur de 31\u00a0ans, auteur de trois buts en championnat et quatre en Ligue Europa.<\/p>\n<p>Un milieu \u00ab\u00a0qui se projette vers l\u2019avant et qui marque\u00a0\u00bb<\/p>\n<p><a target=\"_self\" href=\"https:\/\/www.lanouvellerepublique.fr\/sports\/ligue-europa-lyon-cartonne-face-au-maccabi-tel-aviv-et-prend-la-tete-1764281889\" rel=\"noopener\">Jeudi en Serbie, contre Maccabi Tel-Aviv (6-0) en C3<\/a>, il a r\u00e9alis\u00e9 le premier tripl\u00e9 de sa carri\u00e8re d\u00e9but\u00e9e en 2013 \u00e0 l\u2019OL, inscrivant notamment le 500e but de l\u2019histoire europ\u00e9enne du club. Ces trois buts portent son total en coupe d\u2019Europe \u00e0 onze avec Lyon, au niveau de trois l\u00e9gendes du club, Fleury Di Nallo, Nestor Combin et Sidney Govou. Il est \u00e0 une longueur de Karim Benzema et Lisandro Lopez.<\/p>\n<p>\u00ab\u00a0Depuis deux ans, je parviens de nouveau \u00e0 marquer. J\u2019ai cette d\u00e9termination et envie d\u2019\u00eatre un milieu qui se projette vers l\u2019avant et qui marque\u00a0\u00bb, insiste Tolisso.\u00a0De quoi lui permettre de r\u00eaver \u00e0 un retour en \u00e9quipe de France et au Mondial nord-am\u00e9ricain, l\u2019\u00e9t\u00e9 prochain, dont il fait \u00ab\u00a0carr\u00e9ment\u00a0\u00bb un objectif.<\/p>\n<p>Le Mondial en ligne de mire<\/p>\n<p>Mais pour l\u2019heure, le champion du monde 2018 reste absent des listes de Didier Deschamps. \u00ab\u00a0Je respecte les choix. J\u2019ai ce petit regret de ne pas aller au-dessus, surtout quand je me sens bien comme \u00e7a. Qu\u2019est-ce que je peux faire de plus\u00a0? \u00c0 moi de continuer \u00e0 performer m\u00eame si je pars de loin\u00a0\u00bb, commente le capitaine de l\u2019OL.<\/p>\n<p>Si certains trouvent les choix du s\u00e9lectionneur regrettables, d\u2019autres se f\u00e9licitent qu\u2019il reste \u00e0 Lyon durant les tr\u00eaves internationales pour r\u00e9cup\u00e9rer et \u00e9viter une blessure. Car le joueur, revenu \u00e0 l\u2019Olympique lyonnais en 2022 apr\u00e8s cinq ans au Bayern Munich (2017-2022), a souffert de probl\u00e8mes physiques durant son passage en Allemagne et les premiers mois apr\u00e8s son retour \u00e0 Lyon.<\/p>\n<p>Pr\u00e9paratrice mentale<\/p>\n<p>\u00ab\u00a0Ils sont derri\u00e8re moi. Mais je n\u2019ai pas peur de me blesser. Quand je suis revenu, c\u2019\u00e9tait compliqu\u00e9 mais nous avons mis en place des protocoles d\u2019avant-match, de pr\u00e9paration physique estivale, de r\u00e9cup\u00e9ration avec l\u2019encadrement m\u00e9dical et \u00e7a paie. J\u2019ai aussi travaill\u00e9 avec une pr\u00e9paratrice mentale\u00a0\u00bb, r\u00e9v\u00e8le Tolisso.<\/p>\n<p>\u00ab\u00a0J\u2019ai mis du temps \u00e0 trouver les choses qui me convenaient. Aujourd\u2019hui, si je peux faire tous les efforts que je fais, c\u2019est en grande partie gr\u00e2ce \u00e0 tous ces gens et ce qu\u2019ils font au quotidien pour moi. Ils sont importants pour moi et l\u2019\u00e9quipe\u00a0\u00bb, reconna\u00eet le milieu, arriv\u00e9 \u00e0 l\u2019OL \u00e0 l\u2019\u00e2ge de 13\u00a0ans, encore sous contrat jusqu\u2019au 30\u00a0juin 2027 et qui n\u2019envisage pas de partir, du moins \u00e0 court terme.<\/p>\n<p>Ce dimanche 30\u00a0novembre 2025, \u00e0 20\u00a0h\u00a045, sur Ligue 1+.<\/p>\n","protected":false},"excerpt":{"rendered":"Lyon\u00a0&#8211; Nantes Le milieu et capitaine de Lyon, Corentin Tolisso, n\u2019a pas abandonn\u00e9 l\u2019id\u00e9e de disputer le Mondial&hellip;\n","protected":false},"author":2,"featured_media":567084,"comment_status":"","ping_status":"","sticky":false,"template":"","format":"standard","meta":{"footnotes":""},"categories":[2818],"tags":[1111,11,1777,674,63,1011,27,66,766,12,2636,25,60],"class_list":{"0":"post-567083","1":"post","2":"type-post","3":"status-publish","4":"format-standard","5":"has-post-thumbnail","7":"category-nantes","8":"tag-actu","9":"tag-actualites","10":"tag-eu","11":"tag-europe","12":"tag-football","13":"tag-fr","14":"tag-france","15":"tag-ligue-1","16":"tag-nantes","17":"tag-news","18":"tag-pays-de-la-loire","19":"tag-republique-francaise","20":"tag-sports"},"share_on_mastodon":{"url":"https:\/\/pubeurope.com\/@fr\/115634146200106250","error":""},"_links":{"self":[{"href":"https:\/\/www.europesays.com\/fr\/wp-json\/wp\/v2\/posts\/567083","targetHints":{"allow":["GET"]}}],"collection":[{"href":"https:\/\/www.europesays.com\/fr\/wp-json\/wp\/v2\/posts"}],"about":[{"href":"https:\/\/www.europesays.com\/fr\/wp-json\/wp\/v2\/types\/post"}],"author":[{"embeddable":true,"href":"https:\/\/www.europesays.com\/fr\/wp-json\/wp\/v2\/users\/2"}],"replies":[{"embeddable":true,"href":"https:\/\/www.europesays.com\/fr\/wp-json\/wp\/v2\/comments?post=567083"}],"version-history":[{"count":0,"href":"https:\/\/www.europesays.com\/fr\/wp-json\/wp\/v2\/posts\/567083\/revisions"}],"wp:featuredmedia":[{"embeddable":true,"href":"https:\/\/www.europesays.com\/fr\/wp-json\/wp\/v2\/media\/567084"}],"wp:attachment":[{"href":"https:\/\/www.europesays.com\/fr\/wp-json\/wp\/v2\/media?parent=567083"}],"wp:term":[{"taxonomy":"category","embeddable":true,"href":"https:\/\/www.europesays.com\/fr\/wp-json\/wp\/v2\/categories?post=567083"},{"taxonomy":"post_tag","embeddable":true,"href":"https:\/\/www.europesays.com\/fr\/wp-json\/wp\/v2\/tags?post=567083"}],"curies":[{"name":"wp","href":"https:\/\/api.w.org\/{rel}","templated":true}]}}