{"id":567089,"date":"2025-11-29T17:25:11","date_gmt":"2025-11-29T17:25:11","guid":{"rendered":"https:\/\/www.europesays.com\/fr\/567089\/"},"modified":"2025-11-29T17:25:11","modified_gmt":"2025-11-29T17:25:11","slug":"cest-lun-des-plus-gros-festivals-des-pyrenees-les-premiers-noms-devoiles","status":"publish","type":"post","link":"https:\/\/www.europesays.com\/fr\/567089\/","title":{"rendered":"C&rsquo;est l&rsquo;un des plus gros festivals des Pyr\u00e9n\u00e9es : les premiers noms d\u00e9voil\u00e9s"},"content":{"rendered":"<p>                    Par<br \/>\n        <strong><br \/>\n            <a href=\"https:\/\/actu.fr\/auteur\/gabriel-kenedi\" title=\"Consulter tous les articles de Gabriel Kenedi\" target=\"_blank\" rel=\"noopener\">Gabriel Kenedi<\/a><br \/>\n                    <\/strong><\/p>\n<p>        Publi\u00e9 le<\/p>\n<p>            29 nov. 2025 \u00e0 18h07        <\/p>\n<p>C\u2019est l\u2019un plus gros festivals <a href=\"https:\/\/actu.fr\/toulouse\/loisirs-culture\" target=\"_blank\" rel=\"noopener\">des Pyr\u00e9n\u00e9es<\/a> ! <strong>L\u2019Hibernation Festival<\/strong> sera de retour pour une huiti\u00e8me \u00e9dition du vendredi 20 au dimanche 22 mars 2026, au <strong>Pas de la Case<\/strong>, en <strong>Andorre<\/strong>. \u00c0 environ 2 heures de <strong>Toulouse<\/strong>, donc !\u00a0<\/p>\n<p>Une huiti\u00e8me \u00e9dition pour le festival\u00a0<\/p>\n<p class=\" wall-content\">\u00ab\u00a0N\u00e9 dans la neige, nourri par les basses, ce festival unique en son genre continue d\u2019\u00e9crire sa l\u00e9gende au sommet des <strong>Pyr\u00e9n\u00e9es andorranes<\/strong>, rassemblant des milliers de passionn\u00e9s venus de toute l\u2019Europe pour vivre une exp\u00e9rience hors du commun\u00a0\u00bb, assure l\u2019\u00e9quipe du festival, qui a baptis\u00e9 cette nouvelle \u00e9dition \u00ab\u00a0New Era\u00a0\u00bb.\u00a0<\/p>\n<p>Un festival qui fait la part belle\u00a0 l\u2019\u00e9lectro, la house et la techno<\/p>\n<p class=\" wall-content\">\u00ab\u00a0Hibernation continue de m\u00ealer t\u00eates d\u2019affiche internationales et talents montants dans une s\u00e9lection exigeante et sans concession, aux fronti\u00e8res de la techno, de la house et des courants underground\u00a0\u00bb.<\/p>\n<p class=\" wall-content\">\u00c0 quelques mois de l\u2019\u00e9v\u00e9nement, Hibernation a d\u00e9voil\u00e9 les premiers noms des artistes qui feront partie de la programmation.\u00a0<\/p>\n<p>Vid\u00e9os : en ce moment sur ActuI Hate Models en t\u00eate d\u2019affiche<\/p>\n<p class=\" wall-content\">Le festival accueillera <strong>I Hate Models<\/strong>, \u00ab\u00a0artiste \u00e0 la crois\u00e9e des genres, furieusement intense et profond\u00e9ment \u00e9motionnel\u00a0\u00bb.\u00a0<\/p>\n<p class=\" wall-content\">Les festivaliers d\u00e9couvriront sur sc\u00e8ne <strong>Space 92<\/strong> et <strong>Andres Campo<\/strong>, \u00ab\u00a0deux mastodontes r\u00e9unis pour un B2B aussi rare qu\u2019explosif\u00a0\u00bb.<\/p>\n<p>Votre r\u00e9gion, votre actu !<\/p>\n<p>Recevez chaque jour les infos qui comptent pour vous.<\/p>\n<p>\t<a href=\"https:\/\/actu.fr\/newsletter\" class=\"ac-btn ac-btn--corner ac-btn--medium ac-btn--blue800\" target=\"_blank\" rel=\"noopener\">S&rsquo;incrire<\/a><\/p>\n<p class=\" wall-content\">Les autres artistes qui rejoignent la prog\u2019 sont <strong>Novah<\/strong>, <strong>Amor<\/strong>, <strong>Ares Carter<\/strong>, <strong>Henri Bergmann<\/strong>, <strong>Kiko<\/strong>, <strong>Konvex<\/strong>, <strong>Piazza<\/strong>, \u00ab\u00a0des figures en pleine ascension, pr\u00eates \u00e0 offrir des sets m\u00e9morables\u00a0\u00bb. Mais \u00e9galement B\u00e9rang\u00e8re, John Holt, Kiki Campos, Moxie, Nikko, Richy Vuelcom et Sol Vietto.\u00a0<\/p>\n<p>La billetterie ouverte<\/p>\n<p class=\" wall-content\">Alors que d\u2019autres noms seront d\u00e9voil\u00e9s prochainement, la billetterie a ouvert, avec un pass 1 jour affich\u00e9 \u00e0 partir de 35,99\u20ac.\u00a0<\/p>\n<p>Plus d\u2019infos sur le site Internet <a href=\"https:\/\/festivalhibernation.com\/\" target=\"_blank\" rel=\"noopener\">d\u2019Hibernation\u00a0<\/a><\/p>\n<p class=\" wall-content\">Personnalisez votre actualit\u00e9 en ajoutant vos villes et m\u00e9dias en favori avec <a href=\"https:\/\/moncompte.actu.fr\" title=\"D\u00e9couvez Mon Actu\" rel=\"nofollow noopener\" data-trk=\"{&quot;cta&quot;:{&quot;action&quot;:&quot;https:\\\/\\\/moncompte.actu.fr&quot;,&quot;category&quot;:&quot;mon compte&quot;,&quot;from&quot;:&quot;article footer&quot;,&quot;name&quot;:&quot;Mon actu&quot;,&quot;type&quot;:&quot;cta&quot;}}\" target=\"_blank\">Mon Actu<\/a>.<\/p>\n","protected":false},"excerpt":{"rendered":"Par Gabriel Kenedi Publi\u00e9 le 29 nov. 2025 \u00e0 18h07 C\u2019est l\u2019un plus gros festivals des Pyr\u00e9n\u00e9es !&hellip;\n","protected":false},"author":2,"featured_media":567090,"comment_status":"","ping_status":"","sticky":false,"template":"","format":"standard","meta":{"footnotes":""},"categories":[2816],"tags":[1111,11,53541,1777,674,1011,27,1652,12,2680,2723,25,2312],"class_list":{"0":"post-567089","1":"post","2":"type-post","3":"status-publish","4":"format-standard","5":"has-post-thumbnail","7":"category-toulouse","8":"tag-actu","9":"tag-actualites","10":"tag-andorre","11":"tag-eu","12":"tag-europe","13":"tag-fr","14":"tag-france","15":"tag-loisirs-culture","16":"tag-news","17":"tag-occitanie","18":"tag-pyrenees","19":"tag-republique-francaise","20":"tag-toulouse"},"share_on_mastodon":{"url":"https:\/\/pubeurope.com\/@fr\/115634158033852555","error":""},"_links":{"self":[{"href":"https:\/\/www.europesays.com\/fr\/wp-json\/wp\/v2\/posts\/567089","targetHints":{"allow":["GET"]}}],"collection":[{"href":"https:\/\/www.europesays.com\/fr\/wp-json\/wp\/v2\/posts"}],"about":[{"href":"https:\/\/www.europesays.com\/fr\/wp-json\/wp\/v2\/types\/post"}],"author":[{"embeddable":true,"href":"https:\/\/www.europesays.com\/fr\/wp-json\/wp\/v2\/users\/2"}],"replies":[{"embeddable":true,"href":"https:\/\/www.europesays.com\/fr\/wp-json\/wp\/v2\/comments?post=567089"}],"version-history":[{"count":0,"href":"https:\/\/www.europesays.com\/fr\/wp-json\/wp\/v2\/posts\/567089\/revisions"}],"wp:featuredmedia":[{"embeddable":true,"href":"https:\/\/www.europesays.com\/fr\/wp-json\/wp\/v2\/media\/567090"}],"wp:attachment":[{"href":"https:\/\/www.europesays.com\/fr\/wp-json\/wp\/v2\/media?parent=567089"}],"wp:term":[{"taxonomy":"category","embeddable":true,"href":"https:\/\/www.europesays.com\/fr\/wp-json\/wp\/v2\/categories?post=567089"},{"taxonomy":"post_tag","embeddable":true,"href":"https:\/\/www.europesays.com\/fr\/wp-json\/wp\/v2\/tags?post=567089"}],"curies":[{"name":"wp","href":"https:\/\/api.w.org\/{rel}","templated":true}]}}