{"id":567097,"date":"2025-11-29T17:30:14","date_gmt":"2025-11-29T17:30:14","guid":{"rendered":"https:\/\/www.europesays.com\/fr\/567097\/"},"modified":"2025-11-29T17:30:14","modified_gmt":"2025-11-29T17:30:14","slug":"le-collectif-marseille-hospitalites-veut-inscrire-la-question-du-logement-pour-les-jeunes-a-lagenda-des-municipales","status":"publish","type":"post","link":"https:\/\/www.europesays.com\/fr\/567097\/","title":{"rendered":"Le collectif Marseille Hospitalit\u00e9S veut inscrire la question du logement pour les jeunes \u00e0 l&rsquo;agenda des municipales"},"content":{"rendered":"<p>Sur la 63e marche de la gare Saint Charles, une dizaine de personnes s\u2019est r\u00e9unie ce mercredi 26 novembre 2025 au matin. Membres du collectif Marseille Hospitalit\u00e9S et de la coop\u00e9rative de l\u2019H\u00f4tel du Nord, Prosper Wanner, g\u00e9rant et enseignant-chercheur \u00e0 l\u2019universit\u00e9 Aix-Marseille, Samanta Berardo et Bruno Gelsomino d\u00e9fendent plusieurs mesures pour faire de la ville la \u00ab\u00a0capitale de l\u2019hospitalit\u00e9\u00a0\u00bb via le sujet du logement, <a href=\"https:\/\/www.laprovence.com\/article\/societe\/112325349801115\/precarite-etudiante-repas-sautes-tabou-solidarite-la-nouvelle-lutte-des-classes\" target=\"_blank\" rel=\"noopener\">notamment pour les jeunes<\/a> \u00ab\u00a0personnes de passage\u00a0\u00bb.<\/p>\n<p>Le terme englobe <a href=\"https:\/\/www.laprovence.com\/article\/region\/3575889803361314\/la-precarite-sinstalle-pour-les-etudiants-a-marseille-alerte-le-secours-populaire\" target=\"_blank\" rel=\"noopener\">les \u00e9tudiants<\/a>, apprentis, ajistes (mouvement des Auberges de la jeunesse), saisonniers et festivaliers, de plus en plus syst\u00e9matiquement exclus de l\u2019offre d\u2019h\u00e9bergement par les prix prohibitifs pratiqu\u00e9s alors m\u00eames que leurs ressources n\u2019augmentent pas au m\u00eame rythme.<\/p>\n<p>\u00ab\u00a0Mobiliser 20% de la taxe de s\u00e9jour\u00a0\u00bb, un levier financier d\u00e9j\u00e0 existant<\/p>\n<p>En\u00a02019, <a href=\"https:\/\/www.laprovence.com\/actu\/en-direct\/1462045504788216\/airbnb-148-millions-deuros-de-taxe-de-sejour-reverses-en-2022-dont-2-8-millions-deuros-pour-marseille\" target=\"_blank\" rel=\"noopener\">la taxe de s\u00e9jour<\/a> de la Ville de Marseille s\u2019\u00e9levait \u00e0 un peu plus de 6\u00a0millions d\u2019euros. En\u00a02024, elle a atteint 13,5\u00a0millions d\u2019euros, soit le double, selon les chiffres de l\u2019Office de Tourisme. De quoi financer, selon Prosper Wanner, \u00ab\u00a0tout de suite\u00a0a minima 150 places en auberge de jeunesse\u00a0\u00bb avec la F\u00e9d\u00e9ration unie des auberges de jeunesse (FUAJ) &#8211; acteur historique du tourisme social qui poursuit sa mission d\u2019ouverture au monde et d\u2019h\u00e9bergement solidaire -, par la mise \u00e0 disposition de foncier municipal.<\/p>\n<p>Ou encore de \u00ab\u00a0renforcer l\u2019offre d\u2019interm\u00e9diation locative\u00a0\u00bb en partenariat avec l\u2019association Mouvement Habitat Jeunes (UNHAJ), qui vise \u00e0 garantir la mobilit\u00e9 des citoyens de 16 \u00e0 30 ans, en leur proposant des logements de particuliers, g\u00e9r\u00e9s par un tiers de confiance.<\/p>\n<p>Aux c\u00f4t\u00e9s ces propositions, une soixantaine d\u2019autres ont \u00e9t\u00e9 transmises \u00e0 l\u2019ensemble des partis et personnalit\u00e9s politiques de la Ville candidates aux \u00e9lections municipales, dans le but d\u2019inscrire la notion d\u2019hospitalit\u00e9 \u00e0 l\u2019agenda.<\/p>\n","protected":false},"excerpt":{"rendered":"Sur la 63e marche de la gare Saint Charles, une dizaine de personnes s\u2019est r\u00e9unie ce mercredi 26&hellip;\n","protected":false},"author":2,"featured_media":567098,"comment_status":"","ping_status":"","sticky":false,"template":"","format":"standard","meta":{"footnotes":""},"categories":[2814],"tags":[17,1111,11,7819,1777,674,1011,27,68218,66126,1908,884,12,882,7515,25,104,9870],"class_list":{"0":"post-567097","1":"post","2":"type-post","3":"status-publish","4":"format-standard","5":"has-post-thumbnail","7":"category-marseille","8":"tag-17","9":"tag-actu","10":"tag-actualites","11":"tag-collectif","12":"tag-eu","13":"tag-europe","14":"tag-fr","15":"tag-france","16":"tag-hospitalites","17":"tag-inscrire","18":"tag-logement","19":"tag-marseille","20":"tag-news","21":"tag-provence-alpes-cote-dazur","22":"tag-question","23":"tag-republique-francaise","24":"tag-societe","25":"tag-veut"},"share_on_mastodon":{"url":"https:\/\/pubeurope.com\/@fr\/115634177677125980","error":""},"_links":{"self":[{"href":"https:\/\/www.europesays.com\/fr\/wp-json\/wp\/v2\/posts\/567097","targetHints":{"allow":["GET"]}}],"collection":[{"href":"https:\/\/www.europesays.com\/fr\/wp-json\/wp\/v2\/posts"}],"about":[{"href":"https:\/\/www.europesays.com\/fr\/wp-json\/wp\/v2\/types\/post"}],"author":[{"embeddable":true,"href":"https:\/\/www.europesays.com\/fr\/wp-json\/wp\/v2\/users\/2"}],"replies":[{"embeddable":true,"href":"https:\/\/www.europesays.com\/fr\/wp-json\/wp\/v2\/comments?post=567097"}],"version-history":[{"count":0,"href":"https:\/\/www.europesays.com\/fr\/wp-json\/wp\/v2\/posts\/567097\/revisions"}],"wp:featuredmedia":[{"embeddable":true,"href":"https:\/\/www.europesays.com\/fr\/wp-json\/wp\/v2\/media\/567098"}],"wp:attachment":[{"href":"https:\/\/www.europesays.com\/fr\/wp-json\/wp\/v2\/media?parent=567097"}],"wp:term":[{"taxonomy":"category","embeddable":true,"href":"https:\/\/www.europesays.com\/fr\/wp-json\/wp\/v2\/categories?post=567097"},{"taxonomy":"post_tag","embeddable":true,"href":"https:\/\/www.europesays.com\/fr\/wp-json\/wp\/v2\/tags?post=567097"}],"curies":[{"name":"wp","href":"https:\/\/api.w.org\/{rel}","templated":true}]}}