{"id":567099,"date":"2025-11-29T17:31:19","date_gmt":"2025-11-29T17:31:19","guid":{"rendered":"https:\/\/www.europesays.com\/fr\/567099\/"},"modified":"2025-11-29T17:31:19","modified_gmt":"2025-11-29T17:31:19","slug":"le-corps-retrouve-carbonise-aux-arnavaux-a-marseille-est-celui-dun-adolescent-de-15-ans","status":"publish","type":"post","link":"https:\/\/www.europesays.com\/fr\/567099\/","title":{"rendered":"Le corps retrouv\u00e9 carbonis\u00e9 aux Arnavaux \u00e0 Marseille est celui d&rsquo;un adolescent de 15 ans"},"content":{"rendered":"<p>C\u2019est un petit jardin public avec des jeux d\u2019enfants, situ\u00e9 derri\u00e8re la cit\u00e9 de Campagne-Larousse, dans le 14e arrondissement de <a href=\"https:\/\/www.laprovence.com\/bouches-du-rhone\/marseille-13055\" target=\"_blank\" rel=\"noopener\">Marseille<\/a> qui, d\u2019ordinaire, est bond\u00e9 le week-end. Mais ce samedi, pas une trottinette ni un rire \u00e0 l\u2019horizon. Seulement quelques personnes assises en silence, tourn\u00e9es vers une grande fresque color\u00e9e, \u00ab\u00a0des gens qui ne sont pas du quartier\u00a0\u00bb, remarque un riverain. C\u2019est l\u00e0, dans un recoin au pied d\u2019un garage, sous cette peinture repr\u00e9sentant des dragons de Disney, qu\u2019une femme a fait la macabre d\u00e9couverte, la veille, le vendredi 28\u00a0novembre, vers 8h30 du matin, en promenant son chien.<\/p>\n<p><a href=\"https:\/\/www.laprovence.com\/article\/faits-divers-justice\/14668098887352\/le-corps-dun-homme-carbonise-decouvert-dans-le-14e-arrondissement-de-marseille\" target=\"_blank\" rel=\"noopener\">Un corps presque totalement carbonis\u00e9<\/a>, sur le dos, une jambe pli\u00e9e et les bras recroquevill\u00e9s par la chaleur, gisait sur la terre battue. Les enqu\u00eateurs de la brigade criminelle de la division de la criminalit\u00e9 organis\u00e9e et sp\u00e9cialis\u00e9e (DCOS) ont d\u2019abord remarqu\u00e9 que le corps pr\u00e9sentait un impact de balle au niveau de la t\u00eate. Un \u00e9tui de munition se trouvait d\u2019ailleurs \u00e0 proximit\u00e9, laissant penser que l\u2019homme avait \u00e9t\u00e9 abattu sur place. Puis, \u00e0 d\u00e9faut de pouvoir relever les empreintes digitales, les techniciens ont effectu\u00e9 des pr\u00e9l\u00e8vements ADN, envoy\u00e9 en urgence pour analyse,&#8230;<\/p>\n","protected":false},"excerpt":{"rendered":"C\u2019est un petit jardin public avec des jeux d\u2019enfants, situ\u00e9 derri\u00e8re la cit\u00e9 de Campagne-Larousse, dans le 14e&hellip;\n","protected":false},"author":2,"featured_media":567100,"comment_status":"","ping_status":"","sticky":false,"template":"","format":"standard","meta":{"footnotes":""},"categories":[2814],"tags":[17,1111,11,68220,1007,68219,6725,932,1777,674,274,1011,27,884,12,882,25,4256],"class_list":{"0":"post-567099","1":"post","2":"type-post","3":"status-publish","4":"format-standard","5":"has-post-thumbnail","7":"category-marseille","8":"tag-17","9":"tag-actu","10":"tag-actualites","11":"tag-arnavaux","12":"tag-aux","13":"tag-carbonise","14":"tag-corps","15":"tag-est","16":"tag-eu","17":"tag-europe","18":"tag-faits-divers-justice","19":"tag-fr","20":"tag-france","21":"tag-marseille","22":"tag-news","23":"tag-provence-alpes-cote-dazur","24":"tag-republique-francaise","25":"tag-retrouve"},"share_on_mastodon":{"url":"https:\/\/pubeurope.com\/@fr\/115634181561824547","error":""},"_links":{"self":[{"href":"https:\/\/www.europesays.com\/fr\/wp-json\/wp\/v2\/posts\/567099","targetHints":{"allow":["GET"]}}],"collection":[{"href":"https:\/\/www.europesays.com\/fr\/wp-json\/wp\/v2\/posts"}],"about":[{"href":"https:\/\/www.europesays.com\/fr\/wp-json\/wp\/v2\/types\/post"}],"author":[{"embeddable":true,"href":"https:\/\/www.europesays.com\/fr\/wp-json\/wp\/v2\/users\/2"}],"replies":[{"embeddable":true,"href":"https:\/\/www.europesays.com\/fr\/wp-json\/wp\/v2\/comments?post=567099"}],"version-history":[{"count":0,"href":"https:\/\/www.europesays.com\/fr\/wp-json\/wp\/v2\/posts\/567099\/revisions"}],"wp:featuredmedia":[{"embeddable":true,"href":"https:\/\/www.europesays.com\/fr\/wp-json\/wp\/v2\/media\/567100"}],"wp:attachment":[{"href":"https:\/\/www.europesays.com\/fr\/wp-json\/wp\/v2\/media?parent=567099"}],"wp:term":[{"taxonomy":"category","embeddable":true,"href":"https:\/\/www.europesays.com\/fr\/wp-json\/wp\/v2\/categories?post=567099"},{"taxonomy":"post_tag","embeddable":true,"href":"https:\/\/www.europesays.com\/fr\/wp-json\/wp\/v2\/tags?post=567099"}],"curies":[{"name":"wp","href":"https:\/\/api.w.org\/{rel}","templated":true}]}}