{"id":567101,"date":"2025-11-29T17:32:12","date_gmt":"2025-11-29T17:32:12","guid":{"rendered":"https:\/\/www.europesays.com\/fr\/567101\/"},"modified":"2025-11-29T17:32:12","modified_gmt":"2025-11-29T17:32:12","slug":"une-famille-condamnee-a-lyon","status":"publish","type":"post","link":"https:\/\/www.europesays.com\/fr\/567101\/","title":{"rendered":"une famille condamn\u00e9e \u00e0 Lyon"},"content":{"rendered":"<p>Apr\u00e8s le beau-p\u00e8re, la m\u00e8re, qui vivait de petits emplois, et la s\u0153ur, coiffeuse, condamn\u00e9s le 7\u00a0novembre \u00e0 de la prison avec sursis pour l\u2019essentiel, c\u2019est le fr\u00e8re, \u00e0 l\u2019origine d\u2019un trafic international de drogue men\u00e9 au sein de cette famille ins\u00e9r\u00e9e de Haute-Savoie, qui \u00e9tait face aux juges, mardi, au tribunal correctionnel de Lyon.<\/p>\n<p>Il a \u00e9cop\u00e9 de cinq ans de d\u00e9tention, dont deux ans et demi avec sursis probatoire, et de 60\u00a0000\u00a0\u20ac d\u2019amende, pour acquisition, transport, d\u00e9tention, cession et exportation de stup\u00e9fiants, majoritairement aux \u00c9tats-Unis, mais aussi en Australie et \u00e0 Ta\u00efwan. Il a \u00e9t\u00e9 reconnu coupable d\u2019association de malfaiteurs et de&#8230;<\/p>\n","protected":false},"excerpt":{"rendered":"Apr\u00e8s le beau-p\u00e8re, la m\u00e8re, qui vivait de petits emplois, et la s\u0153ur, coiffeuse, condamn\u00e9s le 7\u00a0novembre \u00e0&hellip;\n","protected":false},"author":2,"featured_media":567102,"comment_status":"","ping_status":"","sticky":false,"template":"","format":"standard","meta":{"footnotes":""},"categories":[1889],"tags":[1111,11,2430,271,272,2757,1777,674,274,107,1011,27,2428,2756,12,25,2429],"class_list":{"0":"post-567101","1":"post","2":"type-post","3":"status-publish","4":"format-standard","5":"has-post-thumbnail","7":"category-lyon","8":"tag-actu","9":"tag-actualites","10":"tag-auvergne-rhone-alpes","11":"tag-crime","12":"tag-delit-et-contravention","13":"tag-edition-lyon-villeurbanne","14":"tag-eu","15":"tag-europe","16":"tag-faits-divers-justice","17":"tag-fil-info","18":"tag-fr","19":"tag-france","20":"tag-lyon","21":"tag-lyon-bassin","22":"tag-news","23":"tag-republique-francaise","24":"tag-rhone"},"share_on_mastodon":{"url":"https:\/\/pubeurope.com\/@fr\/115634185610961757","error":""},"_links":{"self":[{"href":"https:\/\/www.europesays.com\/fr\/wp-json\/wp\/v2\/posts\/567101","targetHints":{"allow":["GET"]}}],"collection":[{"href":"https:\/\/www.europesays.com\/fr\/wp-json\/wp\/v2\/posts"}],"about":[{"href":"https:\/\/www.europesays.com\/fr\/wp-json\/wp\/v2\/types\/post"}],"author":[{"embeddable":true,"href":"https:\/\/www.europesays.com\/fr\/wp-json\/wp\/v2\/users\/2"}],"replies":[{"embeddable":true,"href":"https:\/\/www.europesays.com\/fr\/wp-json\/wp\/v2\/comments?post=567101"}],"version-history":[{"count":0,"href":"https:\/\/www.europesays.com\/fr\/wp-json\/wp\/v2\/posts\/567101\/revisions"}],"wp:featuredmedia":[{"embeddable":true,"href":"https:\/\/www.europesays.com\/fr\/wp-json\/wp\/v2\/media\/567102"}],"wp:attachment":[{"href":"https:\/\/www.europesays.com\/fr\/wp-json\/wp\/v2\/media?parent=567101"}],"wp:term":[{"taxonomy":"category","embeddable":true,"href":"https:\/\/www.europesays.com\/fr\/wp-json\/wp\/v2\/categories?post=567101"},{"taxonomy":"post_tag","embeddable":true,"href":"https:\/\/www.europesays.com\/fr\/wp-json\/wp\/v2\/tags?post=567101"}],"curies":[{"name":"wp","href":"https:\/\/api.w.org\/{rel}","templated":true}]}}