{"id":567103,"date":"2025-11-29T17:33:45","date_gmt":"2025-11-29T17:33:45","guid":{"rendered":"https:\/\/www.europesays.com\/fr\/567103\/"},"modified":"2025-11-29T17:33:45","modified_gmt":"2025-11-29T17:33:45","slug":"que-faire-a-lyon-ce-dimanche-30-novembre","status":"publish","type":"post","link":"https:\/\/www.europesays.com\/fr\/567103\/","title":{"rendered":"Que faire \u00e0 Lyon ce dimanche 30 novembre ?"},"content":{"rendered":"<p>                            <img loading=\"lazy\" width=\"1080\" height=\"675\" class=\"attachment-article size-article wp-post-image lazyload\" alt=\"H\u00f4tel de Ville Lyon 1er @Hugo LAUBEPIN\" decoding=\"async\" src=\"https:\/\/www.europesays.com\/fr\/wp-content\/uploads\/2025\/05\/LIEUX-3-e1686289612822.jpg\" data-eio-rwidth=\"1080\" data-eio-rheight=\"675\"\/><\/p>\n<p>H\u00f4tel de Ville Lyon<br \/>\n@ Hugo LAUBEPIN<\/p>\n<p class=\"content\" style=\"font-size:1.2em;font-weight:700\">March\u00e9 de No\u00ebl artisanal, bourse, spectacle\u2026 Lyon Capitale a s\u00e9lectionn\u00e9 pour vous trois bons plans \u00e0 ne pas manquer pour ce dimanche 30 novembre.<\/p>\n<p><strong>Le march\u00e9 de No\u00ebl artisanal<\/strong><\/p>\n<p><img loading=\"lazy\" decoding=\"async\" width=\"1200\" height=\"628\" alt=\"\" class=\"wp-image-472436 lazyload\" src=\"https:\/\/www.europesays.com\/fr\/wp-content\/uploads\/2025\/11\/marche_artisanal_lyon.jpg\" data-eio-rwidth=\"1200\" data-eio-rheight=\"628\"\/><\/p>\n<p>Ce dimanche, une vingtaine de cr\u00e9ateurs de Lyon et alentours se r\u00e9unissent au Cercle Bellecombe, dans le 6e arrondissement, \u00e0 partir de 10h. Illustration, bijoux, maroquinerie, savons, textile, c\u00e9ramique, \u00e9b\u00e9nisterie\u2026 De quoi offrir un cadeau unique et engag\u00e9 \u00e0 vos proches pour les f\u00eates.<\/p>\n<p>L&rsquo;entr\u00e9e est gratuite. Plus d&rsquo;informations <a href=\"https:\/\/www.facebook.com\/events\/2471557789908188\/?acontext=%7B%22event_action_history%22%3A[%7B%22mechanism%22%3A%22discovery_custom_tab%22%2C%22surface%22%3A%22bookmark%22%7D]%2C%22ref_notif_type%22%3Anull%7D\" target=\"_blank\" rel=\"noreferrer noopener\">ici<\/a>. <\/p>\n<p><strong>Une vente d&rsquo;affiches de cin\u00e9ma<\/strong><\/p>\n<p><img loading=\"lazy\" decoding=\"async\" width=\"1200\" height=\"675\" alt=\"\" class=\"wp-image-472437 lazyload\" src=\"https:\/\/www.europesays.com\/fr\/wp-content\/uploads\/2025\/11\/bourse_affiches.jpg\"  data- data-eio-rwidth=\"1200\" data-eio-rheight=\"675\"\/><\/p>\n<p>C&rsquo;est le retour de la grande vente aux affiches du Cin\u00e9 Duch\u00e8re, dans le 9e arrondissement de Lyon. De 15h \u00e0 18h, retrouvez des grandes et petites affiches, r\u00e9centes ou plus anciennes, des produits li\u00e9s aux films, des bobines, de la pellicule. Le principe est simple, premiers arriv\u00e9s premiers servis. Lyon Capitale vous conseille donc de venir t\u00f4t afin de ne pas laisser passer votre chance de repartir avec un tr\u00e9sor de cin\u00e9ma. <\/p>\n<p>L&rsquo;entr\u00e9e est gratuite. Plus d&rsquo;informations <a href=\"https:\/\/www.facebook.com\/events\/1165889978813421\/?acontext=%7B%22event_action_history%22%3A[%7B%22mechanism%22%3A%22discovery_custom_tab%22%2C%22surface%22%3A%22bookmark%22%7D]%2C%22ref_notif_type%22%3Anull%7D\" target=\"_blank\" rel=\"noreferrer noopener\">ici<\/a>. <\/p>\n<p><strong>Un spectacle avec ses enfants pour suivre ses r\u00eaves<\/strong><\/p>\n<p><img loading=\"lazy\" decoding=\"async\" width=\"1200\" height=\"800\" alt=\"\" class=\"wp-image-472438 lazyload\" src=\"https:\/\/www.europesays.com\/fr\/wp-content\/uploads\/2025\/11\/quittersoncaillou-credit-nicolas-keslair6.jpg\" data-eio-rwidth=\"1200\" data-eio-rheight=\"800\"\/>Cr\u00e9dits : Nicolas Keslair<\/p>\n<p>Le Ciel, sc\u00e8ne europ\u00e9enne pour l&rsquo;enfance et la jeunesse, propose\u00a0Quitter son caillou, un spectacle de Victoria Follonier et Elie Blanchard, pour les enfants d\u00e8s 7 ans. Entre documentaire et cin\u00e9ma d&rsquo;animation, l&rsquo;histoire raconte comment cinq personnages sont partis suivre leurs r\u00eaves. Sur sc\u00e8ne, deux interpr\u00e8tes font face \u00e0 des machines futuristes et actionnent leurs leviers et boutons. La parole des\u00a0\u00ab\u00a0r\u00eaveurs\u00a0\u00bb, tir\u00e9e d&rsquo;histoires vraies, se lib\u00e8re gr\u00e2ce aux visuels anim\u00e9s et \u00e0 la musique.\u00a0<\/p>\n<p>S\u00e9ance \u00e0 16h, au th\u00e9\u00e2tre Le Ciel, dans le 8e arrondissement, \u00e0 Lyon. Dur\u00e9e : 50 minutes. Entr\u00e9e entre 5 et 15 euros. Plus d&rsquo;informations <a href=\"https:\/\/www.theatreleciel.eu\/evenements\/quitter-son-caillou\/\" target=\"_blank\" rel=\"noopener\">ici<\/a>. <\/p>\n","protected":false},"excerpt":{"rendered":"H\u00f4tel de Ville Lyon @ Hugo LAUBEPIN March\u00e9 de No\u00ebl artisanal, bourse, spectacle\u2026 Lyon Capitale a s\u00e9lectionn\u00e9 pour&hellip;\n","protected":false},"author":2,"featured_media":97032,"comment_status":"","ping_status":"","sticky":false,"template":"","format":"standard","meta":{"footnotes":""},"categories":[1889],"tags":[1111,11,2430,251,1777,674,1011,27,2428,2089,12,25,2429],"class_list":{"0":"post-567103","1":"post","2":"type-post","3":"status-publish","4":"format-standard","5":"has-post-thumbnail","7":"category-lyon","8":"tag-actu","9":"tag-actualites","10":"tag-auvergne-rhone-alpes","11":"tag-culture","12":"tag-eu","13":"tag-europe","14":"tag-fr","15":"tag-france","16":"tag-lyon","17":"tag-marche","18":"tag-news","19":"tag-republique-francaise","20":"tag-rhone"},"share_on_mastodon":{"url":"https:\/\/pubeurope.com\/@fr\/115634190437398986","error":""},"_links":{"self":[{"href":"https:\/\/www.europesays.com\/fr\/wp-json\/wp\/v2\/posts\/567103","targetHints":{"allow":["GET"]}}],"collection":[{"href":"https:\/\/www.europesays.com\/fr\/wp-json\/wp\/v2\/posts"}],"about":[{"href":"https:\/\/www.europesays.com\/fr\/wp-json\/wp\/v2\/types\/post"}],"author":[{"embeddable":true,"href":"https:\/\/www.europesays.com\/fr\/wp-json\/wp\/v2\/users\/2"}],"replies":[{"embeddable":true,"href":"https:\/\/www.europesays.com\/fr\/wp-json\/wp\/v2\/comments?post=567103"}],"version-history":[{"count":0,"href":"https:\/\/www.europesays.com\/fr\/wp-json\/wp\/v2\/posts\/567103\/revisions"}],"wp:featuredmedia":[{"embeddable":true,"href":"https:\/\/www.europesays.com\/fr\/wp-json\/wp\/v2\/media\/97032"}],"wp:attachment":[{"href":"https:\/\/www.europesays.com\/fr\/wp-json\/wp\/v2\/media?parent=567103"}],"wp:term":[{"taxonomy":"category","embeddable":true,"href":"https:\/\/www.europesays.com\/fr\/wp-json\/wp\/v2\/categories?post=567103"},{"taxonomy":"post_tag","embeddable":true,"href":"https:\/\/www.europesays.com\/fr\/wp-json\/wp\/v2\/tags?post=567103"}],"curies":[{"name":"wp","href":"https:\/\/api.w.org\/{rel}","templated":true}]}}