{"id":567104,"date":"2025-11-29T17:36:21","date_gmt":"2025-11-29T17:36:21","guid":{"rendered":"https:\/\/www.europesays.com\/fr\/567104\/"},"modified":"2025-11-29T17:36:21","modified_gmt":"2025-11-29T17:36:21","slug":"le-ecycling-un-nouveau-championnat-en-ile-de-france","status":"publish","type":"post","link":"https:\/\/www.europesays.com\/fr\/567104\/","title":{"rendered":"Le eCycling, un nouveau championnat en \u00cele-de-France"},"content":{"rendered":"<p data-start=\"177\" data-end=\"288\">Un <strong>Championnat d\u2019\u00cele-de-France eCycling en 2026<\/strong> pour cr\u00e9dibiliser un peu plus l\u2019esport cycliste ? On signe ! Le Championnat R\u00e9gional \u00cele-de-France eCycling 2026, pr\u00e9vu pour le <strong>12 janvier 2026<\/strong>, s\u2019annonce comme un nouveau rendez-vous appel\u00e9 \u00e0 s\u2019installer durablement dans le paysage. Un \u00e9v\u00e9nement qui pourrait bien renforcer encore la place du cyclisme virtuel dans le sport moderne. Organis\u00e9 par le Comit\u00e9 \u00cele-de-France de Cyclisme, il s\u2019inscrit pleinement dans cette dynamique : offrir une comp\u00e9tition exigeante, encadr\u00e9e, o\u00f9 l\u2019exactitude des donn\u00e9es et la rigueur sportive ne laissent aucune place au hasard. Une seule \u00e9preuve au programme, certes, mais un r\u00e8glement calibr\u00e9 au millim\u00e8tre pour garantir \u00e9quit\u00e9 et transparence. On vous explique tout.<\/p>\n<p data-start=\"177\" data-end=\"288\">Par Jeff Tatard \u2013 Photo :\u00a0<a href=\"https:\/\/www.instagram.com\/jefftatard\/\" target=\"_blank\" rel=\"noopener\">@jefftatard<\/a><\/p>\n<p><strong>Un parcours explosif sur Zwift<\/strong><\/p>\n<p data-start=\"833\" data-end=\"1183\">L\u2019\u00e9preuve se d\u00e9roulera sur <a href=\"https:\/\/zwiftinc.sjv.io\/c\/4905205\/3416299\/20902\" target=\"_blank\" rel=\"noopener\"><strong data-start=\"860\" data-end=\"869\">Zwift<\/strong><\/a>, sur le parcours <strong data-start=\"887\" data-end=\"914\">\u00ab Les 3 Mousquetaires \u00bb<\/strong> dans le monde France : 35,2 km pour 193 m de d\u00e9nivel\u00e9 positif. Un format court, id\u00e9al pour les courses intenses typiques du e-cycling.<br data-start=\"1049\" data-end=\"1052\"\/>Le d\u00e9part se fera en <strong data-start=\"1073\" data-end=\"1087\">mass-start<\/strong>, toutes cat\u00e9gories m\u00e9lang\u00e9es, avant extraction des classements par tranches d\u2019\u00e2ge et par genre.<\/p>\n<p><strong>Une participation tr\u00e8s encadr\u00e9e<\/strong><\/p>\n<p data-start=\"1225\" data-end=\"1599\">Impossible de s\u2019inscrire \u201cpour voir\u201d : seuls les titulaires d\u2019une licence comp\u00e9tition FFC sont admis, conform\u00e9ment aux r\u00e8gles de la F\u00e9d\u00e9ration Fran\u00e7aise de Cyclisme.<br data-start=\"1395\" data-end=\"1398\"\/>Les licenci\u00e9s d\u2019autres comit\u00e9s peuvent prendre le d\u00e9part, mais sans pr\u00e9tendre au titre r\u00e9gional.<br data-start=\"1494\" data-end=\"1497\"\/>Quant aux non-licenci\u00e9s, ils sont exclus, signe que la discipline veut gagner en cr\u00e9dibilit\u00e9 sportive.<\/p>\n<p><a class=\"gofollow\" data-track=\"NDUsMyw2MA==\" href=\"https:\/\/zwiftinc.sjv.io\/c\/4905205\/3416299\/20902\" target=\"_blank\" rel=\"noopener\"><img decoding=\"async\" src=\"https:\/\/www.europesays.com\/fr\/wp-content\/uploads\/2025\/11\/xzwift-cyberweekend_300x250_fr-eur.jpg,qx45653.pagespeed.ic.l2UBAEmGwy.jpg\" data-pagespeed-url-hash=\"980236755\" onload=\"pagespeed.CriticalImages.checkImageForCriticality(this);\"\/><\/a><strong>Un mat\u00e9riel strictement r\u00e9glement\u00e9<\/strong><\/p>\n<p data-start=\"1644\" data-end=\"2058\">Home-trainer <strong data-start=\"1657\" data-end=\"1676\">smart homologu\u00e9<\/strong> (pr\u00e9cision \u00b12,5 %), <strong data-start=\"1697\" data-end=\"1729\">capteur de puissance externe<\/strong>, capteur de cadence, cardio obligatoires\u2026 Rien n\u2019est laiss\u00e9 au hasard.<br data-start=\"1800\" data-end=\"1803\"\/>Les organisateurs exigent \u00e9galement une <strong data-start=\"1843\" data-end=\"1874\">vid\u00e9o de pes\u00e9e et de mesure<\/strong>, film\u00e9e le jour m\u00eame, en tenue cycliste, selon un protocole tr\u00e8s pr\u00e9cis.<br data-start=\"1947\" data-end=\"1950\"\/>Tout \u00e9cart, tout capteur manquant, toute donn\u00e9e incoh\u00e9rente peut mener \u00e0 une <strong data-start=\"2027\" data-end=\"2057\">disqualification imm\u00e9diate<\/strong>.<\/p>\n<p><strong>Un encadrement proche du sport de haut niveau<\/strong><\/p>\n<p data-start=\"2114\" data-end=\"2493\">V\u00e9rifications apr\u00e8s-course, possibilit\u00e9 de demandes compl\u00e9mentaires jusqu\u2019\u00e0 48 h, sanction en cas de pseudonyme incorrect, abandon technique non reconnu comme r\u00e9sultat : le r\u00e8glement est clair, coh\u00e9rent et sans compromis.<br data-start=\"2335\" data-end=\"2338\"\/>Dix titres seront remis, des U17 aux Masters 50+, hommes et femmes, lors d\u2019une c\u00e9r\u00e9monie officielle au <strong data-start=\"2441\" data-end=\"2492\">V\u00e9lodrome National de Saint-Quentin-en-Yvelines<\/strong>.<\/p>\n<p><strong>Le e-cycling prend de l\u2019ampleur<\/strong><\/p>\n<p data-start=\"2535\" data-end=\"2894\">Ce championnat d\u00e9montre une chose : le cyclisme virtuel n\u2019est plus un gadget. En s\u2019imposant des standards \u00e9lev\u00e9s, il se rapproche des exigences du cyclisme traditionnel et attire des comp\u00e9titeurs toujours plus investis.<br data-start=\"2754\" data-end=\"2757\"\/>Pour les coureurs franciliens, l\u2019occasion est parfaite pour afficher leur niveau sur un terrain num\u00e9rique o\u00f9 les watts parlent tr\u00e8s fort.<\/p>\n<tr style=\"height: 304px;\">\n<td style=\"width: 100%; height: 304px;\">\n<p style=\"text-align: center;\"><strong>\u00c0 RETENIR (l\u2019essentiel en quelques lignes)<\/strong><\/p>\n<ul style=\"list-style-type: circle;\">\n<li data-start=\"2901\" data-end=\"2953\"><strong data-start=\"133\" data-end=\"145\">Date :<\/strong> 12 janvier 2026<\/li>\n<li data-start=\"2901\" data-end=\"2953\"><strong data-start=\"166\" data-end=\"180\">Course :<\/strong> 35,2 km \u2013 193 m D+ \u2013 parcours \u00ab Les 3 Mousquetaires \u00bb sur Zwift<\/li>\n<li data-start=\"2901\" data-end=\"2953\"><strong data-start=\"249\" data-end=\"268\" data-is-only-node=\"\">Inscription :<\/strong> r\u00e9serv\u00e9e aux licenci\u00e9s comp\u00e9tition FFC<\/li>\n<li data-start=\"2901\" data-end=\"2953\"><strong data-start=\"312\" data-end=\"328\">Mat\u00e9riel :<\/strong> home-trainer homologu\u00e9, capteur de puissance externe, cadence, cardio<\/li>\n<li data-start=\"2901\" data-end=\"2953\"><strong data-start=\"403\" data-end=\"433\">Contr\u00f4les obligatoires :<\/strong> vid\u00e9o poids + taille le jour J<\/li>\n<li data-start=\"2901\" data-end=\"2953\"><strong data-start=\"469\" data-end=\"483\">Format :<\/strong> mass-start unique, classements par cat\u00e9gories<\/li>\n<li data-start=\"2901\" data-end=\"2953\"><strong data-start=\"534\" data-end=\"548\">Titres :<\/strong> 10 champions IDF (H\/F, U17 \u2192 Masters 50+)<\/li>\n<li data-start=\"2901\" data-end=\"2953\"><strong data-start=\"595\" data-end=\"618\">Remise des prix :<\/strong> au V\u00e9lodrome National de Saint-Quentin-en-Yvelines<\/li>\n<li data-start=\"2901\" data-end=\"2953\"><strong>Contact :<\/strong> Vous pouvez \u00e9galement prendre contact avec Eric Magneron en charge de ce projet au sein du Comit\u00e9 d\u2019Ile-de-France de Cyclisme :\u00a0<a href=\"mailto:emagneron@free.fr\" target=\"_blank\" rel=\"noopener\">emagneron@free.fr<\/a>\u00a0<\/li>\n<\/ul>\n<\/td>\n<\/tr>\n<p data-start=\"222\" data-end=\"329\"><strong data-start=\"229\" data-end=\"327\">=&gt;\u00a0<\/strong><a href=\"https:\/\/cif-ffc.fr\/menuCif\/telechargement\/R_glement_Championnat_Regional_eCycling_2026.pdf\" target=\"_blank\" rel=\"noopener\">Le r\u00e8glement du Comit\u00e9 IDF<\/a><\/p>\n<p data-start=\"222\" data-end=\"329\"><strong data-start=\"229\" data-end=\"327\">=&gt; <\/strong><a href=\"https:\/\/zwiftinc.sjv.io\/c\/4905205\/3416299\/20902\" target=\"_blank\" rel=\"noopener\">Pr\u00e9parez votre comp\u00e9tition et achetez le bon mat\u00e9riel avec un prix sp\u00e9cial 3bikes<\/a><\/p>\n<p><script async src=\"\/\/www.instagram.com\/embed.js\"><\/script><\/p>\n","protected":false},"excerpt":{"rendered":"Un Championnat d\u2019\u00cele-de-France eCycling en 2026 pour cr\u00e9dibiliser un peu plus l\u2019esport cycliste ? On signe ! Le&hellip;\n","protected":false},"author":2,"featured_media":567105,"comment_status":"","ping_status":"","sticky":false,"template":"","format":"standard","meta":{"footnotes":""},"categories":[1592],"tags":[1111,11,1777,674,1011,27,662,12,626,25],"class_list":{"0":"post-567104","1":"post","2":"type-post","3":"status-publish","4":"format-standard","5":"has-post-thumbnail","7":"category-ile-de-france","8":"tag-actu","9":"tag-actualites","10":"tag-eu","11":"tag-europe","12":"tag-fr","13":"tag-france","14":"tag-ile-de-france","15":"tag-news","16":"tag-paris","17":"tag-republique-francaise"},"share_on_mastodon":{"url":"https:\/\/pubeurope.com\/@fr\/115634201939502484","error":""},"_links":{"self":[{"href":"https:\/\/www.europesays.com\/fr\/wp-json\/wp\/v2\/posts\/567104","targetHints":{"allow":["GET"]}}],"collection":[{"href":"https:\/\/www.europesays.com\/fr\/wp-json\/wp\/v2\/posts"}],"about":[{"href":"https:\/\/www.europesays.com\/fr\/wp-json\/wp\/v2\/types\/post"}],"author":[{"embeddable":true,"href":"https:\/\/www.europesays.com\/fr\/wp-json\/wp\/v2\/users\/2"}],"replies":[{"embeddable":true,"href":"https:\/\/www.europesays.com\/fr\/wp-json\/wp\/v2\/comments?post=567104"}],"version-history":[{"count":0,"href":"https:\/\/www.europesays.com\/fr\/wp-json\/wp\/v2\/posts\/567104\/revisions"}],"wp:featuredmedia":[{"embeddable":true,"href":"https:\/\/www.europesays.com\/fr\/wp-json\/wp\/v2\/media\/567105"}],"wp:attachment":[{"href":"https:\/\/www.europesays.com\/fr\/wp-json\/wp\/v2\/media?parent=567104"}],"wp:term":[{"taxonomy":"category","embeddable":true,"href":"https:\/\/www.europesays.com\/fr\/wp-json\/wp\/v2\/categories?post=567104"},{"taxonomy":"post_tag","embeddable":true,"href":"https:\/\/www.europesays.com\/fr\/wp-json\/wp\/v2\/tags?post=567104"}],"curies":[{"name":"wp","href":"https:\/\/api.w.org\/{rel}","templated":true}]}}