{"id":567106,"date":"2025-11-29T17:38:15","date_gmt":"2025-11-29T17:38:15","guid":{"rendered":"https:\/\/www.europesays.com\/fr\/567106\/"},"modified":"2025-11-29T17:38:15","modified_gmt":"2025-11-29T17:38:15","slug":"alerte-a-la-bombe-dans-les-locaux-de-france-televisions-a-paris-les-programmes-interrompus","status":"publish","type":"post","link":"https:\/\/www.europesays.com\/fr\/567106\/","title":{"rendered":"Alerte \u00e0 la bombe dans les locaux de France T\u00e9l\u00e9visions \u00e0 Paris : les programmes interrompus"},"content":{"rendered":"<p>                    Par<br \/>\n        <strong><br \/>\n            <a href=\"https:\/\/actu.fr\/auteur\/thomas-martin\" title=\"Consulter tous les articles de Thomas Martin\" target=\"_blank\" rel=\"noopener\">Thomas Martin<\/a><br \/>\n                    <\/strong><\/p>\n<p>        Publi\u00e9 le<\/p>\n<p>            29 nov. 2025 \u00e0 18h20        <\/p>\n<p>Les locaux de France T\u00e9l\u00e9visions, situ\u00e9s dans le 15e arrondissement de Paris, ont \u00e9t\u00e9 \u00e9vacu\u00e9s ce samedi 29 novembre apr\u00e8s une <strong>alerte \u00e0 la bombe<\/strong>. La diffusion en direct de France Info a \u00e9t\u00e9 interrompue aux environs de 17h alors que l\u2019on entendait l\u2019alarme r\u00e9sonner dans les locaux de la cha\u00eene.\u00a0<\/p>\n<p class=\" wall-content\">\u00ab Le si\u00e8ge parisien de France T\u00e9l\u00e9visions vient d\u2019\u00eatre \u00e9vacu\u00e9. Les services de l\u2019\u00c9tat ont pr\u00e9venu l\u2019entreprise d\u2019une alerte \u00e0 la bombe. La <a href=\"https:\/\/actu.fr\/tag\/police\" target=\"_blank\" rel=\"noopener\">police<\/a> et une \u00e9quipe cynophile sont actuellement sur place pour une lev\u00e9e de doute. L\u2019antenne de franceinfo et le site sont perturb\u00e9s \u00bb, peut-on lire.<\/p>\n<p class=\" wall-content\">\n<p class=\" wall-content\">Sur X, la <a href=\"https:\/\/actu.fr\/tag\/ratp\" target=\"_blank\" rel=\"noopener\">RATP<\/a> a annonc\u00e9 la fermeture de la station de m\u00e9tro du pont de Garigliano sur ordre de la <a href=\"https:\/\/actu.fr\/tag\/prefecture-de-police-de-paris\" target=\"_blank\" rel=\"noopener\">pr\u00e9fecture de police<\/a>.\u00a0<\/p>\n<p class=\" wall-content\">\n<p class=\" wall-content\">Mi-novembre, c\u2019est le <a href=\"https:\/\/actu.fr\/ile-de-france\/paris_75056\/paris-les-locaux-de-bfmtv-evacues-apres-une-alerte-de-securite-la-diffusion-de-la-chaine-interrompue_63442817.html\" target=\"_blank\" rel=\"noopener\">si\u00e8ge de BFM<\/a> qui avait \u00e9t\u00e9 \u00e9vacu\u00e9 \u00e0 la suite \u00e9galement d\u2019une alerte \u00e0 la bombe.<\/p>\n<p class=\" wall-content\">Plus d\u2019infos \u00e0 suivre<\/p>\n<p class=\" wall-content\">Personnalisez votre actualit\u00e9 en ajoutant vos villes et m\u00e9dias en favori avec <a href=\"https:\/\/moncompte.actu.fr\" title=\"D\u00e9couvez Mon Actu\" rel=\"nofollow noopener\" data-trk=\"{&quot;cta&quot;:{&quot;action&quot;:&quot;https:\\\/\\\/moncompte.actu.fr&quot;,&quot;category&quot;:&quot;mon compte&quot;,&quot;from&quot;:&quot;article footer&quot;,&quot;name&quot;:&quot;Mon actu&quot;,&quot;type&quot;:&quot;cta&quot;}}\" target=\"_blank\">Mon Actu<\/a>.<\/p>\n","protected":false},"excerpt":{"rendered":"Par Thomas Martin Publi\u00e9 le 29 nov. 2025 \u00e0 18h20 Les locaux de France T\u00e9l\u00e9visions, situ\u00e9s dans le&hellip;\n","protected":false},"author":2,"featured_media":567107,"comment_status":"","ping_status":"","sticky":false,"template":"","format":"standard","meta":{"footnotes":""},"categories":[1888],"tags":[1111,1928,11,1927,898,1777,674,118,1011,27,12,1926,626,1925,25,252],"class_list":{"0":"post-567106","1":"post","2":"type-post","3":"status-publish","4":"format-standard","5":"has-post-thumbnail","7":"category-paris","8":"tag-actu","9":"tag-actu-paris","10":"tag-actualites","11":"tag-actualites-paris","12":"tag-alerte","13":"tag-eu","14":"tag-europe","15":"tag-faits-divers","16":"tag-fr","17":"tag-france","18":"tag-news","19":"tag-news-paris","20":"tag-paris","21":"tag-paris-news","22":"tag-republique-francaise","23":"tag-television"},"share_on_mastodon":{"url":"https:\/\/pubeurope.com\/@fr\/115634209078356731","error":""},"_links":{"self":[{"href":"https:\/\/www.europesays.com\/fr\/wp-json\/wp\/v2\/posts\/567106","targetHints":{"allow":["GET"]}}],"collection":[{"href":"https:\/\/www.europesays.com\/fr\/wp-json\/wp\/v2\/posts"}],"about":[{"href":"https:\/\/www.europesays.com\/fr\/wp-json\/wp\/v2\/types\/post"}],"author":[{"embeddable":true,"href":"https:\/\/www.europesays.com\/fr\/wp-json\/wp\/v2\/users\/2"}],"replies":[{"embeddable":true,"href":"https:\/\/www.europesays.com\/fr\/wp-json\/wp\/v2\/comments?post=567106"}],"version-history":[{"count":0,"href":"https:\/\/www.europesays.com\/fr\/wp-json\/wp\/v2\/posts\/567106\/revisions"}],"wp:featuredmedia":[{"embeddable":true,"href":"https:\/\/www.europesays.com\/fr\/wp-json\/wp\/v2\/media\/567107"}],"wp:attachment":[{"href":"https:\/\/www.europesays.com\/fr\/wp-json\/wp\/v2\/media?parent=567106"}],"wp:term":[{"taxonomy":"category","embeddable":true,"href":"https:\/\/www.europesays.com\/fr\/wp-json\/wp\/v2\/categories?post=567106"},{"taxonomy":"post_tag","embeddable":true,"href":"https:\/\/www.europesays.com\/fr\/wp-json\/wp\/v2\/tags?post=567106"}],"curies":[{"name":"wp","href":"https:\/\/api.w.org\/{rel}","templated":true}]}}