{"id":567108,"date":"2025-11-29T17:39:11","date_gmt":"2025-11-29T17:39:11","guid":{"rendered":"https:\/\/www.europesays.com\/fr\/567108\/"},"modified":"2025-11-29T17:39:11","modified_gmt":"2025-11-29T17:39:11","slug":"le-siege-de-france-televisions-a-paris-evacue-apres-une-alerte-a-la-bombe-liberation","status":"publish","type":"post","link":"https:\/\/www.europesays.com\/fr\/567108\/","title":{"rendered":"Le si\u00e8ge de France T\u00e9l\u00e9visions \u00e0 Paris \u00e9vacu\u00e9 apr\u00e8s une alerte \u00e0 la bombe \u2013 Lib\u00e9ration"},"content":{"rendered":"<p class=\"sc-cPiKLX AiZTS text-element\">Une nouvelle alerte \u00e0 la bombe dans un m\u00e9dia national. Le si\u00e8ge de France T\u00e9l\u00e9visions, dans le XVe arrondissement de Paris, a \u00e9t\u00e9 \u00e9vacu\u00e9 ce samedi 29 novembre peu apr\u00e8s 17 h 30, selon <a href=\"https:\/\/www.franceinfo.fr\/economie\/medias\/france-televisions\/le-siege-parisien-de-france-televisions-evacue-apres-une-alerte-a-la-bombe_7647974.html\" target=\"_blank\" rel=\"noreferrer noopener\" title=\"https:\/\/www.franceinfo.fr\/economie\/medias\/france-televisions\/le-siege-parisien-de-france-televisions-evacue-apres-une-alerte-a-la-bombe_7647974.html\">franceinfo<\/a>. Ce sont les services de l\u2019Etat qui ont pr\u00e9venu l\u2019entreprise de la menace, fait savoir le site d\u2019informations. La police et une \u00e9quipe cynophile sont actuellement sur place pour une lev\u00e9e de doute.<\/p>\n<p class=\"sc-cPiKLX AiZTS text-element\">L\u2019apr\u00e8s-midi du 15 novembre, ce sont <a href=\"https:\/\/www.liberation.fr\/economie\/medias\/les-locaux-de-bfm-tv-evacues-en-raison-dune-alerte-a-la-bombe-20251115_IUQZJC2VJJCBZFPRUT5RTMRNKI\/\" target=\"_blank\" rel=\"noreferrer noopener\" title=\"https:\/\/www.liberation.fr\/economie\/medias\/les-locaux-de-bfm-tv-evacues-en-raison-dune-alerte-a-la-bombe-20251115_IUQZJC2VJJCBZFPRUT5RTMRNKI\/\">les locaux du groupe RMC-BFM<\/a>, \u00e9galement dans le XVe arrondissement de Paris, qui avaient \u00e9t\u00e9 vis\u00e9s par une alerte \u00e0 la bombe et \u00e9vacu\u00e9s. Les directs des antennes avaient \u00e9t\u00e9 suspendus. Apr\u00e8s le d\u00e9ploiement d\u2019\u00e9quipes cynophiles, la lev\u00e9e de doute est intervenue deux heures plus tard.<\/p>\n<p class=\"sc-cPiKLX AiZTS text-element\"><b>Plus d\u2019informations \u00e0 venir\u2026<\/b><\/p>\n","protected":false},"excerpt":{"rendered":"Une nouvelle alerte \u00e0 la bombe dans un m\u00e9dia national. Le si\u00e8ge de France T\u00e9l\u00e9visions, dans le XVe&hellip;\n","protected":false},"author":2,"featured_media":567109,"comment_status":"","ping_status":"","sticky":false,"template":"","format":"standard","meta":{"footnotes":""},"categories":[1888],"tags":[1111,1928,11,1927,1777,674,1011,27,2400,12,1926,626,1925,25],"class_list":{"0":"post-567108","1":"post","2":"type-post","3":"status-publish","4":"format-standard","5":"has-post-thumbnail","7":"category-paris","8":"tag-actu","9":"tag-actu-paris","10":"tag-actualites","11":"tag-actualites-paris","12":"tag-eu","13":"tag-europe","14":"tag-fr","15":"tag-france","16":"tag-france-televisions","17":"tag-news","18":"tag-news-paris","19":"tag-paris","20":"tag-paris-news","21":"tag-republique-francaise"},"share_on_mastodon":{"url":"https:\/\/pubeurope.com\/@fr\/115634213020493745","error":""},"_links":{"self":[{"href":"https:\/\/www.europesays.com\/fr\/wp-json\/wp\/v2\/posts\/567108","targetHints":{"allow":["GET"]}}],"collection":[{"href":"https:\/\/www.europesays.com\/fr\/wp-json\/wp\/v2\/posts"}],"about":[{"href":"https:\/\/www.europesays.com\/fr\/wp-json\/wp\/v2\/types\/post"}],"author":[{"embeddable":true,"href":"https:\/\/www.europesays.com\/fr\/wp-json\/wp\/v2\/users\/2"}],"replies":[{"embeddable":true,"href":"https:\/\/www.europesays.com\/fr\/wp-json\/wp\/v2\/comments?post=567108"}],"version-history":[{"count":0,"href":"https:\/\/www.europesays.com\/fr\/wp-json\/wp\/v2\/posts\/567108\/revisions"}],"wp:featuredmedia":[{"embeddable":true,"href":"https:\/\/www.europesays.com\/fr\/wp-json\/wp\/v2\/media\/567109"}],"wp:attachment":[{"href":"https:\/\/www.europesays.com\/fr\/wp-json\/wp\/v2\/media?parent=567108"}],"wp:term":[{"taxonomy":"category","embeddable":true,"href":"https:\/\/www.europesays.com\/fr\/wp-json\/wp\/v2\/categories?post=567108"},{"taxonomy":"post_tag","embeddable":true,"href":"https:\/\/www.europesays.com\/fr\/wp-json\/wp\/v2\/tags?post=567108"}],"curies":[{"name":"wp","href":"https:\/\/api.w.org\/{rel}","templated":true}]}}