{"id":567117,"date":"2025-11-29T17:44:11","date_gmt":"2025-11-29T17:44:11","guid":{"rendered":"https:\/\/www.europesays.com\/fr\/567117\/"},"modified":"2025-11-29T17:44:11","modified_gmt":"2025-11-29T17:44:11","slug":"usa-loctroi-de-lasile-suspendu","status":"publish","type":"post","link":"https:\/\/www.europesays.com\/fr\/567117\/","title":{"rendered":"USA\u00a0: L\u2019octroi de l\u2019asile suspendu"},"content":{"rendered":"<p><strong>C<\/strong>ette d\u00e9cision, cons\u00e9quence directe de l\u2019assassinat d\u2019une soldate de la garde nationale am\u00e9ricaine par un ressortissant afghan, intervient dans le cadre d\u2019une refonte du syst\u00e8me migratoire ordonn\u00e9e par le pr\u00e9sident Donald Trump.<\/p>\n<p>\u00ab\u00a0Nous avons suspendu toutes les d\u00e9cisions relatives \u00e0 l&rsquo;asile jusqu&rsquo;\u00e0 ce que nous puissions garantir que chaque \u00e9tranger soit examin\u00e9 et contr\u00f4l\u00e9 au maximum\u00a0\u00bb, a d\u00e9clar\u00e9 Joseph Edlow, directeur des services de citoyennet\u00e9 et d&rsquo;immigration des \u00c9tats-Unis.<\/p>\n<p>Pour sa part, le d\u00e9partement d\u2019Etat a annonc\u00e9, sur le r\u00e9seau X, la suspension, avec effet imm\u00e9diat, de la d\u00e9livrance de visas \u201cpour toutes les personnes d\u00e9tentrices d\u2019un passeport afghan\u201d.<\/p>\n<p>Ces d\u00e9cisions interviennent apr\u00e8s qu\u2019un ressortissant afgahan de 29 ans, identifi\u00e9 par les autorit\u00e9s comme \u00e9tant Rahmanullah Lakanwal, a ouvert le feu, mercredi pr\u00e8s de la Maison Blanche, sur deux membres de la Garde nationale, d\u00e9ploy\u00e9s dans la capitale am\u00e9ricaine pour assister la police locale dans la lutte anti-crime.<\/p>\n<p>Sarah Beckstrom, 20 ans, l\u2019une des soldats cibl\u00e9s, a rendu l\u2019\u00e2me jeudi, alors que son coll\u00e8gue, Andrew Wolfe (24 ans), est \u201cdans un \u00e9tat tr\u00e8s grave\u201d, a \u00e9crit le pr\u00e9sident Trump sur le r\u00e9seau Truth Social.<\/p>\n<p>Le suspect, qui \u00e9tait arriv\u00e9 sur le sol am\u00e9ricain en 2021, a \u00e9t\u00e9 aussi bless\u00e9 par balles lors de l&rsquo;incident avant d&rsquo;\u00eatre interpell\u00e9 par la police.<\/p>\n<p>Selon le bureau de la procureure f\u00e9d\u00e9rale du district de Columbia, l\u2019assaillant sera inculp\u00e9 de meurtre. Il sera \u00e9galement poursuivi pour deux chefs d&rsquo;accusation de tentative de meurtre avec arme \u00e0 feu et trois chefs d&rsquo;accusation de port d&rsquo;arme \u00e0 feu lors d&rsquo;un crime violent.<br \/>&#13;<br \/>\n\u00a0<\/p>\n","protected":false},"excerpt":{"rendered":"Cette d\u00e9cision, cons\u00e9quence directe de l\u2019assassinat d\u2019une soldate de la garde nationale am\u00e9ricaine par un ressortissant afghan, intervient&hellip;\n","protected":false},"author":2,"featured_media":567118,"comment_status":"","ping_status":"","sticky":false,"template":"","format":"standard","meta":{"footnotes":""},"categories":[1589],"tags":[11,10443,73,1866,12,1864,1865,1863,308],"class_list":{"0":"post-567117","1":"post","2":"type-post","3":"status-publish","4":"format-standard","5":"has-post-thumbnail","7":"category-etats-unis","8":"tag-actualites","9":"tag-asile","10":"tag-etats-unis","11":"tag-etats-unis-damerique","12":"tag-news","13":"tag-united-states","14":"tag-united-states-of-america","15":"tag-us","16":"tag-usa"},"share_on_mastodon":{"url":"https:\/\/pubeurope.com\/@fr\/115634232782119504","error":""},"_links":{"self":[{"href":"https:\/\/www.europesays.com\/fr\/wp-json\/wp\/v2\/posts\/567117","targetHints":{"allow":["GET"]}}],"collection":[{"href":"https:\/\/www.europesays.com\/fr\/wp-json\/wp\/v2\/posts"}],"about":[{"href":"https:\/\/www.europesays.com\/fr\/wp-json\/wp\/v2\/types\/post"}],"author":[{"embeddable":true,"href":"https:\/\/www.europesays.com\/fr\/wp-json\/wp\/v2\/users\/2"}],"replies":[{"embeddable":true,"href":"https:\/\/www.europesays.com\/fr\/wp-json\/wp\/v2\/comments?post=567117"}],"version-history":[{"count":0,"href":"https:\/\/www.europesays.com\/fr\/wp-json\/wp\/v2\/posts\/567117\/revisions"}],"wp:featuredmedia":[{"embeddable":true,"href":"https:\/\/www.europesays.com\/fr\/wp-json\/wp\/v2\/media\/567118"}],"wp:attachment":[{"href":"https:\/\/www.europesays.com\/fr\/wp-json\/wp\/v2\/media?parent=567117"}],"wp:term":[{"taxonomy":"category","embeddable":true,"href":"https:\/\/www.europesays.com\/fr\/wp-json\/wp\/v2\/categories?post=567117"},{"taxonomy":"post_tag","embeddable":true,"href":"https:\/\/www.europesays.com\/fr\/wp-json\/wp\/v2\/tags?post=567117"}],"curies":[{"name":"wp","href":"https:\/\/api.w.org\/{rel}","templated":true}]}}