{"id":567119,"date":"2025-11-29T17:45:18","date_gmt":"2025-11-29T17:45:18","guid":{"rendered":"https:\/\/www.europesays.com\/fr\/567119\/"},"modified":"2025-11-29T17:45:18","modified_gmt":"2025-11-29T17:45:18","slug":"le-premier-ministre-britannique-envoie-une-lettre-a-emmanuel-macron-lui-demandant-de-lutter-contre-limmigration-clandestine","status":"publish","type":"post","link":"https:\/\/www.europesays.com\/fr\/567119\/","title":{"rendered":"Le Premier ministre britannique envoie une lettre \u00e0 Emmanuel Macron lui demandant de lutter contre l\u2019immigration clandestine"},"content":{"rendered":"<p class=\"p1\">Il va falloir en faire plus. C\u2019est ce qu\u2019a annonc\u00e9 le Premier ministre britannique <a href=\"https:\/\/www.valeursactuelles.com\/tag\/keir-starmer\" target=\"_blank\" rel=\"noopener\">Keir Starmer<\/a> \u00e0 <a href=\"https:\/\/www.valeursactuelles.com\/tag\/emmanuel-macron\" target=\"_blank\" rel=\"noopener\">Emmanuel Macron<\/a>. Dans une lettre consult\u00e9e par <a href=\"https:\/\/www.lemonde.fr\/societe\/article\/2025\/11\/28\/immigration-keir-starmer-demande-a-emmanuel-macron-de-faire-davantage_6655204_3224.html\" target=\"_blank\" rel=\"nofollow noopener\">\u00ab\u00a0Le Monde\u00a0\u00bb<\/a>, le dirigeant britannique souhaite que la France fasse plus d\u2019effort pour enrayer les travers\u00e9es dans la Manche.<\/p>\n<p><a href=\"https:\/\/www.valeursactuelles.com\/monde\/royaume-uni-des-milliers-dhabitants-manifestent-contre-linstallation-de-600-migrants-dans-un-camp-militaire\" class=\"h-flex h-align-items-center h-border-tb h-ptb-15\" target=\"_blank\" rel=\"noopener\">A\u00a0LIRE\u00a0Royaume-Uni : des milliers d\u2019habitants manifestent contre l\u2019installation de 600 migrants dans un camp militaire<\/a><\/p>\n<p class=\"p1\">Keir Starmer, fait pression sur le chef de l\u2019\u00c9tat fran\u00e7ais, alors qu\u2019il est lui-m\u00eame soumis \u00e0 celle de son opinion publique. Selon lui, la coop\u00e9ration entre le Royaume-Uni et la France avance trop lentement afin d\u2019endiguer l\u2019immigration clandestine.<\/p>\n<p class=\"p1\">Le Premier ministre a r\u00e9cemment pris <a href=\"https:\/\/www.valeursactuelles.com\/monde\/royaume-uni-le-gouvernement-annonce-un-durcissement-de-la-protection-des-refugies\" target=\"_blank\" rel=\"noopener\">des mesures pour rendre son pays moins attractif<\/a> comme le projet d\u2019introduction d\u2019une carte d\u2019identit\u00e9 \u00e9lectronique nationale dans le but d\u2019\u00ab\u00a0emp\u00eacher le travail ill\u00e9gal\u00a0\u00bb\u00a0ou la mise en chantier de la\u00a0\u00ab\u00a0plus grande r\u00e9forme\u00a0[du]\u00a0syst\u00e8me d\u2019asile depuis des d\u00e9cennies\u00a0\u00bb.<\/p>\n<p>Une baisse record de l\u2019immigration<\/p>\n<p class=\"p1\">Cette derni\u00e8re vise \u00e0\u00a0\u00ab\u00a0restreindre le soutien disponible aux demandeurs d\u2019asile et aux r\u00e9fugi\u00e9s\u00a0\u00bb,\u00a0explique le premier ministre. Le statut de r\u00e9fugi\u00e9 passerait, par exemple, de permanent \u00e0 temporaire et les demandeurs d\u2019asile pourraient contribuer financi\u00e8rement \u00e0 leur prise en charge s\u2019ils en ont les moyens.<\/p>\n<p class=\"p1\">Ces nouvelles mesures participeront surement \u00e0 poursuivre la baisse de l\u2019immigration dans le pays. En effet, <a href=\"https:\/\/www.valeursactuelles.com\/monde\/immigration-au-royaume-uni-baisse-record-de-pres-de-69-sur-un-an\" target=\"_blank\" rel=\"noopener\">l\u2019Office national des statistiques a annonc\u00e9, jeudi 27 novembre, que l\u2019immigration nette au Royaume-Uni a enregistr\u00e9 une baisse d\u2019environ 69 % sur un an<\/a>, jusqu\u2019\u00e0 fin juin 2025. Entre juillet 2024 et juin 2025, pr\u00e8s de 898 000 personnes sont entr\u00e9es sur le territoire britannique, tandis que 693 000 l\u2019ont quitt\u00e9, portant ainsi l\u2019immigration nette \u00e0 204 000.<\/p>\n<p class=\"p1\">Pourtant, cela n\u2019a pas emp\u00each\u00e9 les travers\u00e9es entre la France et le Royaume-Uni \u00e0 travers la Manche. Depuis le d\u00e9but de l\u2019ann\u00e9e, pr\u00e8s de 40 000 personnes sont parvenues \u00e0 traverser. Un chiffre en hausse de 17 % par rapport \u00e0 la m\u00eame p\u00e9riode en 2024.<\/p>\n","protected":false},"excerpt":{"rendered":"Il va falloir en faire plus. C\u2019est ce qu\u2019a annonc\u00e9 le Premier ministre britannique Keir Starmer \u00e0 Emmanuel&hellip;\n","protected":false},"author":2,"featured_media":567120,"comment_status":"","ping_status":"","sticky":false,"template":"","format":"standard","meta":{"footnotes":""},"categories":[1588],"tags":[11,1073,1777,674,1061,6734,2581,12,473,1853,1851,1850,1852],"class_list":{"0":"post-567119","1":"post","2":"type-post","3":"status-publish","4":"format-standard","5":"has-post-thumbnail","7":"category-royaume-uni","8":"tag-actualites","9":"tag-emmanuel-macron","10":"tag-eu","11":"tag-europe","12":"tag-immigration","13":"tag-immigration-clandestine","14":"tag-keir-starmer","15":"tag-news","16":"tag-royaume-uni","17":"tag-royaume-uni-de-grande-bretagne-et-dirlande-du-nord","18":"tag-uk","19":"tag-united-kingdom","20":"tag-united-kingdom-of-great-britain-and-northern-ireland"},"share_on_mastodon":{"url":"https:\/\/pubeurope.com\/@fr\/115634236654505865","error":""},"_links":{"self":[{"href":"https:\/\/www.europesays.com\/fr\/wp-json\/wp\/v2\/posts\/567119","targetHints":{"allow":["GET"]}}],"collection":[{"href":"https:\/\/www.europesays.com\/fr\/wp-json\/wp\/v2\/posts"}],"about":[{"href":"https:\/\/www.europesays.com\/fr\/wp-json\/wp\/v2\/types\/post"}],"author":[{"embeddable":true,"href":"https:\/\/www.europesays.com\/fr\/wp-json\/wp\/v2\/users\/2"}],"replies":[{"embeddable":true,"href":"https:\/\/www.europesays.com\/fr\/wp-json\/wp\/v2\/comments?post=567119"}],"version-history":[{"count":0,"href":"https:\/\/www.europesays.com\/fr\/wp-json\/wp\/v2\/posts\/567119\/revisions"}],"wp:featuredmedia":[{"embeddable":true,"href":"https:\/\/www.europesays.com\/fr\/wp-json\/wp\/v2\/media\/567120"}],"wp:attachment":[{"href":"https:\/\/www.europesays.com\/fr\/wp-json\/wp\/v2\/media?parent=567119"}],"wp:term":[{"taxonomy":"category","embeddable":true,"href":"https:\/\/www.europesays.com\/fr\/wp-json\/wp\/v2\/categories?post=567119"},{"taxonomy":"post_tag","embeddable":true,"href":"https:\/\/www.europesays.com\/fr\/wp-json\/wp\/v2\/tags?post=567119"}],"curies":[{"name":"wp","href":"https:\/\/api.w.org\/{rel}","templated":true}]}}