{"id":567121,"date":"2025-11-29T17:46:17","date_gmt":"2025-11-29T17:46:17","guid":{"rendered":"https:\/\/www.europesays.com\/fr\/567121\/"},"modified":"2025-11-29T17:46:17","modified_gmt":"2025-11-29T17:46:17","slug":"lextreme-droite-allemande-tente-de-garder-le-controle-sur-ses-troupes","status":"publish","type":"post","link":"https:\/\/www.europesays.com\/fr\/567121\/","title":{"rendered":"L\u2019extr\u00eame droite allemande tente de garder le contr\u00f4le sur ses troupes"},"content":{"rendered":"<p>Le parti Alternative pour l\u2019Allemagne (AfD) tente, avec plus ou moins de succ\u00e8s, de mettre de l\u2019ordre dans ses rangs. Sa situation est en effet contradictoire: premier parti d\u2019opposition, l\u2019AfD est galvanis\u00e9e par des r\u00e9sultats en hausse dans les urnes et par des sondages la donnant en t\u00eate des intentions de vote au niveau national. Dans le m\u00eame temps, ses instances nationales, r\u00e9gionales et sa section jeunesse sont surveill\u00e9es par les services de renseignement pour leurs orientations extr\u00e9mistes de droite. Le risque plane m\u00eame que l\u2019ensemble du parti soit officiellement qualifi\u00e9 \u00abd\u2019organisation av\u00e9r\u00e9e d\u2019extr\u00eame droite\u00bb, ce qui pourrait entra\u00eener l\u2019ouverture d\u2019une proc\u00e9dure d\u2019interdiction.<\/p>\n<p>Pour tenter de r\u00e9duire les risques, l\u2019AfD essaye notamment de reprendre le contr\u00f4le sur sa section jeunesse, tr\u00e8s radicale, mais jusqu\u2019\u00e0 pr\u00e9sent juridiquement ind\u00e9pendante. Les choses changeront ce week-end avec la cr\u00e9ation officielle d\u2019une nouvelle structure, li\u00e9e \u00e0 l\u2019AfD, lors d\u2019un congr\u00e8s \u00e0 Giessen. Plusieurs dizaines de milliers de contre-manifestants sont attendus dans cette petite ville de Hesse.<\/p>\n","protected":false},"excerpt":{"rendered":"Le parti Alternative pour l\u2019Allemagne (AfD) tente, avec plus ou moins de succ\u00e8s, de mettre de l\u2019ordre dans&hellip;\n","protected":false},"author":2,"featured_media":567122,"comment_status":"","ping_status":"","sticky":false,"template":"","format":"standard","meta":{"footnotes":""},"categories":[1587],"tags":[11,672,1804,1805,1803,1777,674,1801,74,12,301,1802],"class_list":{"0":"post-567121","1":"post","2":"type-post","3":"status-publish","4":"format-standard","5":"has-post-thumbnail","7":"category-allemagne","8":"tag-actualites","9":"tag-allemagne","10":"tag-bundesrepublik-deutschland","11":"tag-de","12":"tag-deutschland","13":"tag-eu","14":"tag-europe","15":"tag-germany","16":"tag-monde","17":"tag-news","18":"tag-premium","19":"tag-republique-federale-dallemagne"},"share_on_mastodon":{"url":"https:\/\/pubeurope.com\/@fr\/115634240498815499","error":""},"_links":{"self":[{"href":"https:\/\/www.europesays.com\/fr\/wp-json\/wp\/v2\/posts\/567121","targetHints":{"allow":["GET"]}}],"collection":[{"href":"https:\/\/www.europesays.com\/fr\/wp-json\/wp\/v2\/posts"}],"about":[{"href":"https:\/\/www.europesays.com\/fr\/wp-json\/wp\/v2\/types\/post"}],"author":[{"embeddable":true,"href":"https:\/\/www.europesays.com\/fr\/wp-json\/wp\/v2\/users\/2"}],"replies":[{"embeddable":true,"href":"https:\/\/www.europesays.com\/fr\/wp-json\/wp\/v2\/comments?post=567121"}],"version-history":[{"count":0,"href":"https:\/\/www.europesays.com\/fr\/wp-json\/wp\/v2\/posts\/567121\/revisions"}],"wp:featuredmedia":[{"embeddable":true,"href":"https:\/\/www.europesays.com\/fr\/wp-json\/wp\/v2\/media\/567122"}],"wp:attachment":[{"href":"https:\/\/www.europesays.com\/fr\/wp-json\/wp\/v2\/media?parent=567121"}],"wp:term":[{"taxonomy":"category","embeddable":true,"href":"https:\/\/www.europesays.com\/fr\/wp-json\/wp\/v2\/categories?post=567121"},{"taxonomy":"post_tag","embeddable":true,"href":"https:\/\/www.europesays.com\/fr\/wp-json\/wp\/v2\/tags?post=567121"}],"curies":[{"name":"wp","href":"https:\/\/api.w.org\/{rel}","templated":true}]}}