{"id":567125,"date":"2025-11-29T17:48:13","date_gmt":"2025-11-29T17:48:13","guid":{"rendered":"https:\/\/www.europesays.com\/fr\/567125\/"},"modified":"2025-11-29T17:48:13","modified_gmt":"2025-11-29T17:48:13","slug":"lue-lance-un-plan-visant-a-renforcer-la-preparation-aux-crises-sanitaires-transfrontalieres","status":"publish","type":"post","link":"https:\/\/www.europesays.com\/fr\/567125\/","title":{"rendered":"L\u2019UE lance un plan visant \u00e0 renforcer la pr\u00e9paration aux crises sanitaires transfrontali\u00e8res"},"content":{"rendered":"<p data-start=\"497\" data-end=\"850\"><strong data-start=\"497\" data-end=\"850\">L\u2019Union europ\u00e9enne renforce son architecture de pr\u00e9paration sanitaire gr\u00e2ce au nouveau plan de pr\u00e9vention, de pr\u00e9paration et de r\u00e9action aux crises sanitaires, selon un communiqu\u00e9 publi\u00e9 vendredi. Le document fournit un cadre coordonn\u00e9 destin\u00e9 \u00e0 prot\u00e9ger la sant\u00e9 et le bien-\u00eatre des citoyens dans l\u2019ensemble de l\u2019UE en cas de menace transfrontali\u00e8re.<\/strong><\/p>\n<p data-start=\"852\" data-end=\"1204\">Le plan de l\u2019Union couvre tous les types de risques et crises sanitaires potentiels, qu\u2019ils soient naturels, accidentels ou intentionnels. Il d\u00e9crit le cadre de gouvernance des crises sanitaires europ\u00e9ennes, depuis les capacit\u00e9s et ressources disponibles jusqu\u2019aux m\u00e9canismes de soutien et de surveillance \u00e0 chaque phase du cycle de gestion des crises.<\/p>\n<p data-start=\"1206\" data-end=\"1663\">Le communiqu\u00e9 pr\u00e9cise que les \u00c9tats membres disposeront d\u2019une \u00ab bo\u00eete \u00e0 outils de l\u2019UE en mati\u00e8re de crise sanitaire \u00bb, structur\u00e9e autour de quatre volets : pr\u00e9vention et pr\u00e9paration, d\u00e9tection et \u00e9valuation, r\u00e9ponse et r\u00e9cup\u00e9ration. Celle-ci inclut notamment la r\u00e9silience des syst\u00e8mes de sant\u00e9, la disponibilit\u00e9 des contre-mesures m\u00e9dicales, la surveillance europ\u00e9enne, le syst\u00e8me d\u2019alerte pr\u00e9coce, la coordination des r\u00e9ponses et l\u2019\u00e9valuation post-crise.<\/p>\n<p data-start=\"1665\" data-end=\"2143\">S\u2019appuyant sur les enseignements de la pand\u00e9mie de COVID-19, le plan met l\u2019accent sur l\u2019\u00e9laboration de plans nationaux de gestion des crises sanitaires, en coh\u00e9rence avec les cadres europ\u00e9ens. Le document est con\u00e7u comme \u00e9volutif : il sera r\u00e9guli\u00e8rement actualis\u00e9 \u00e0 mesure que de nouvelles menaces appara\u00eetront et fera l\u2019objet d\u2019exercices de simulation, dont le premier est pr\u00e9vu en 2026 avec la participation des \u00c9tats membres, des agences europ\u00e9ennes et des parties prenantes.<\/p>\n<p data-start=\"2145\" data-end=\"2460\">L\u2019objectif est de renforcer la capacit\u00e9 collective de l\u2019Union \u00e0 \u00ab construire ensemble une union europ\u00e9enne de la sant\u00e9 plus forte, plus r\u00e9siliente et inclusive \u00bb, en garantissant la continuit\u00e9 des services essentiels et une r\u00e9action coordonn\u00e9e entre la Commission, les institutions europ\u00e9ennes et les \u00c9tats membres.<\/p>\n<p data-start=\"2462\" data-end=\"2857\">Le plan s\u2019inscrit dans la mise en \u0153uvre de la strat\u00e9gie europ\u00e9enne pour l\u2019union de la pr\u00e9paration, fond\u00e9e sur une approche pangouvernementale et soci\u00e9tale guid\u00e9e par le principe \u00ab Une seule sant\u00e9 \u00bb. Il encourage \u00e9galement une coop\u00e9ration renforc\u00e9e avec des organisations internationales, comme l\u2019Organisation mondiale de la sant\u00e9, conform\u00e9ment aux priorit\u00e9s de l\u2019UE en mati\u00e8re de sant\u00e9 mondiale.<\/p>\n<p data-start=\"2859\" data-end=\"3125\"><a href=\"https:\/\/ec.europa.eu\/commission\/presscorner\/detail\/fr\/ip_25_2836\" target=\"_blank\" rel=\"noopener\">Le communiqu\u00e9<\/a> rappelle enfin que ce plan constitue une action cl\u00e9 de la strat\u00e9gie europ\u00e9enne de pr\u00e9paration, reposant sur le r\u00e8glement (UE) 2022\/2371 relatif aux menaces transfronti\u00e8res graves sur la sant\u00e9, pierre angulaire du cadre de s\u00e9curit\u00e9 sanitaire de l\u2019Union.<\/p>\n<p><strong>L&rsquo;acc\u00e8s \u00e0 la totalit\u00e9 des fonctionnalit\u00e9s est r\u00e9serv\u00e9 aux professionnels de la sant\u00e9.<\/strong><\/p>\n<p>Si vous \u00eates un professionnel de la sant\u00e9 vous devez vous connecter ou vous inscrire gratuitement sur notre site pour acc\u00e9der \u00e0 la totalit\u00e9 de notre contenu.<br \/>Si vous \u00eates journaliste ou si vous souhaitez nous informer \u00e9crivez-nous \u00e0 <a href=\"https:\/\/www.lespecialiste.be\/fr\/actualites\/mailto:redaction@rmnet.be\" target=\"_blank\" rel=\"noopener\">redaction@rmnet.be<\/a>.<\/p>\n","protected":false},"excerpt":{"rendered":"L\u2019Union europ\u00e9enne renforce son architecture de pr\u00e9paration sanitaire gr\u00e2ce au nouveau plan de pr\u00e9vention, de pr\u00e9paration et de&hellip;\n","protected":false},"author":2,"featured_media":567126,"comment_status":"","ping_status":"","sticky":false,"template":"","format":"standard","meta":{"footnotes":""},"categories":[1586],"tags":[11,1777,674,1779,1011,27,12,25,1778,364],"class_list":{"0":"post-567125","1":"post","2":"type-post","3":"status-publish","4":"format-standard","5":"has-post-thumbnail","7":"category-europe","8":"tag-actualites","9":"tag-eu","10":"tag-europe","11":"tag-european-union","12":"tag-fr","13":"tag-france","14":"tag-news","15":"tag-republique-francaise","16":"tag-ue","17":"tag-union-europeenne"},"share_on_mastodon":{"url":"https:\/\/pubeurope.com\/@fr\/115634248533050271","error":""},"_links":{"self":[{"href":"https:\/\/www.europesays.com\/fr\/wp-json\/wp\/v2\/posts\/567125","targetHints":{"allow":["GET"]}}],"collection":[{"href":"https:\/\/www.europesays.com\/fr\/wp-json\/wp\/v2\/posts"}],"about":[{"href":"https:\/\/www.europesays.com\/fr\/wp-json\/wp\/v2\/types\/post"}],"author":[{"embeddable":true,"href":"https:\/\/www.europesays.com\/fr\/wp-json\/wp\/v2\/users\/2"}],"replies":[{"embeddable":true,"href":"https:\/\/www.europesays.com\/fr\/wp-json\/wp\/v2\/comments?post=567125"}],"version-history":[{"count":0,"href":"https:\/\/www.europesays.com\/fr\/wp-json\/wp\/v2\/posts\/567125\/revisions"}],"wp:featuredmedia":[{"embeddable":true,"href":"https:\/\/www.europesays.com\/fr\/wp-json\/wp\/v2\/media\/567126"}],"wp:attachment":[{"href":"https:\/\/www.europesays.com\/fr\/wp-json\/wp\/v2\/media?parent=567125"}],"wp:term":[{"taxonomy":"category","embeddable":true,"href":"https:\/\/www.europesays.com\/fr\/wp-json\/wp\/v2\/categories?post=567125"},{"taxonomy":"post_tag","embeddable":true,"href":"https:\/\/www.europesays.com\/fr\/wp-json\/wp\/v2\/tags?post=567125"}],"curies":[{"name":"wp","href":"https:\/\/api.w.org\/{rel}","templated":true}]}}