{"id":56713,"date":"2025-04-27T11:33:11","date_gmt":"2025-04-27T11:33:11","guid":{"rendered":"https:\/\/www.europesays.com\/fr\/56713\/"},"modified":"2025-04-27T11:33:11","modified_gmt":"2025-04-27T11:33:11","slug":"a-la-frontiere-mexicaine-a-el-paso-le-nombre-dentrees-illegales-aux-etats-unis-a-fortement-baisse","status":"publish","type":"post","link":"https:\/\/www.europesays.com\/fr\/56713\/","title":{"rendered":"\u00c0 la fronti\u00e8re mexicaine \u00e0 El Paso, le nombre d\u2019entr\u00e9es ill\u00e9gales aux \u00c9tats-Unis a fortement baiss\u00e9"},"content":{"rendered":"<p>Aux \u00c9tats-Unis, c&rsquo;est l\u2019heure d\u2019un premier bilan pour Donald Trump apr\u00e8s bient\u00f4t 100 jours \u00e0 la Maison Blanche. Les premiers mois du deuxi\u00e8me mandat du pr\u00e9sident am\u00e9ricain ont \u00e9t\u00e9 particuli\u00e8rement chaotiques mais il y a un dossier o\u00f9 son administration a \u00e9t\u00e9 particuli\u00e8rement offensive : c&rsquo;est celui de l\u2019immigration.<\/p>\n<p>Reportage \u00e0 El Paso de <strong>Nathana\u00ebl Vittrant<\/strong> et <strong>Natalia Olivares<\/strong><\/p>\n<p>S\u2019il est malgr\u00e9 tout loin de son objectif d\u2019<strong><a href=\"https:\/\/www.rfi.fr\/fr\/podcasts\/reportage-international\/20250418-\u00e9tats-unis-l-angoisse-des-enfants-et-des-parents-sans-papiers-menac\u00e9s-d-expulsion\" rel=\"nofollow noopener\" target=\"_blank\" data-ylk=\"slk:expulser;elm:context_link;itc:0;sec:content-canvas\" class=\"link \">expulser<\/a><\/strong> un millions de migrants, \u00e0 la fronti\u00e8re mexicaine, Donald Trump peut au moins se targuer d\u2019avoir drastiquement fait baisser le nombre d\u2019entr\u00e9es ill\u00e9gales. \u00ab Avant, la police aux fronti\u00e8res arr\u00eatait 1 500 migrants par jour, maintenant c\u2019est seulement 50 par jour \u00bb, dit Jaime Torres, journaliste mexicain qui op\u00e8re des deux c\u00f4t\u00e9s de la fronti\u00e8re.<\/p>\n<p>Une fronti\u00e8re \u00ab herm\u00e9tique \u00bb<\/p>\n<p>\u00ab Maintenant, dit-il encore, la <strong><a href=\"https:\/\/www.rfi.fr\/fr\/am\u00e9riques\/20250304-\u00e9tats-unis-s\u00e9curit\u00e9-renforc\u00e9e-et-multiplication-des-expulsions-\u00e0-la-fronti\u00e8re-avec-le-mexique\" rel=\"nofollow noopener\" target=\"_blank\" data-ylk=\"slk:fronti\u00e8re;elm:context_link;itc:0;sec:content-canvas\" class=\"link \">fronti\u00e8re<\/a><\/strong> est presque compl\u00e8tement herm\u00e9tique. Entre la garde nationale mexicaine, la garde nationale du Texas, la police aux fronti\u00e8res\u2026 c\u2019est devenu presque impossible de passer. Bien s\u00fbr, des migrants parviennent toujours \u00e0 traverser d\u2019une mani\u00e8re ou d\u2019une autre mais beaucoup moins que dans le pass\u00e9. \u00bb<\/p>\n<p><a href=\"https:\/\/www.rfi.fr\/fr\/am%C3%A9riques\/20250427-%C3%A0-la-fronti%C3%A8re-mexicaine-%C3%A0-el-paso-le-nombre-d-entr%C3%A9es-ill%C3%A9gales-aux-%C3%A9tats-unis-a-fortement-baiss%C3%A9\" rel=\"nofollow noopener\" target=\"_blank\" data-ylk=\"slk:Lire la suite sur RFI;elm:context_link;itc:0;sec:content-canvas\" class=\"link \">Lire la suite sur RFI<\/a><\/p>\n","protected":false},"excerpt":{"rendered":"Aux \u00c9tats-Unis, c&rsquo;est l\u2019heure d\u2019un premier bilan pour Donald Trump apr\u00e8s bient\u00f4t 100 jours \u00e0 la Maison Blanche.&hellip;\n","protected":false},"author":2,"featured_media":56714,"comment_status":"","ping_status":"","sticky":false,"template":"","format":"standard","meta":{"footnotes":""},"categories":[1589],"tags":[11,75,73,1866,8514,12,7274,1864,1865,1863,308],"class_list":{"0":"post-56713","1":"post","2":"type-post","3":"status-publish","4":"format-standard","5":"has-post-thumbnail","7":"category-etats-unis","8":"tag-actualites","9":"tag-donald-trump","10":"tag-etats-unis","11":"tag-etats-unis-damerique","12":"tag-la-frontiere","13":"tag-news","14":"tag-president-americain","15":"tag-united-states","16":"tag-united-states-of-america","17":"tag-us","18":"tag-usa"},"share_on_mastodon":{"url":"https:\/\/pubeurope.com\/@fr\/114409714719783061","error":""},"_links":{"self":[{"href":"https:\/\/www.europesays.com\/fr\/wp-json\/wp\/v2\/posts\/56713","targetHints":{"allow":["GET"]}}],"collection":[{"href":"https:\/\/www.europesays.com\/fr\/wp-json\/wp\/v2\/posts"}],"about":[{"href":"https:\/\/www.europesays.com\/fr\/wp-json\/wp\/v2\/types\/post"}],"author":[{"embeddable":true,"href":"https:\/\/www.europesays.com\/fr\/wp-json\/wp\/v2\/users\/2"}],"replies":[{"embeddable":true,"href":"https:\/\/www.europesays.com\/fr\/wp-json\/wp\/v2\/comments?post=56713"}],"version-history":[{"count":0,"href":"https:\/\/www.europesays.com\/fr\/wp-json\/wp\/v2\/posts\/56713\/revisions"}],"wp:featuredmedia":[{"embeddable":true,"href":"https:\/\/www.europesays.com\/fr\/wp-json\/wp\/v2\/media\/56714"}],"wp:attachment":[{"href":"https:\/\/www.europesays.com\/fr\/wp-json\/wp\/v2\/media?parent=56713"}],"wp:term":[{"taxonomy":"category","embeddable":true,"href":"https:\/\/www.europesays.com\/fr\/wp-json\/wp\/v2\/categories?post=56713"},{"taxonomy":"post_tag","embeddable":true,"href":"https:\/\/www.europesays.com\/fr\/wp-json\/wp\/v2\/tags?post=56713"}],"curies":[{"name":"wp","href":"https:\/\/api.w.org\/{rel}","templated":true}]}}