{"id":567139,"date":"2025-11-29T17:59:11","date_gmt":"2025-11-29T17:59:11","guid":{"rendered":"https:\/\/www.europesays.com\/fr\/567139\/"},"modified":"2025-11-29T17:59:11","modified_gmt":"2025-11-29T17:59:11","slug":"le-team-abadie-magnan-recrute-en-amerique-du-sud-actualite","status":"publish","type":"post","link":"https:\/\/www.europesays.com\/fr\/567139\/","title":{"rendered":"Le Team Abadie-Magnan recrute en Am\u00e9rique du Sud &#8211; Actualit\u00e9"},"content":{"rendered":"<p style=\"text-align: justify;\">Le Team Abadie-Magnan a d\u00e9voil\u00e9 un nouveau nom pour son effectif 2026. Et il faut aller du c\u00f4t\u00e9 de l&rsquo;Am\u00e9rique du Sud, puisqu&rsquo;il s&rsquo;agit d&rsquo;Agua Marina Espinola, qui \u00e9voluait sous les couleurs du Team Farto Kiroot cette saison.<\/p>\n<p><strong><a href=\"https:\/\/www.directvelo.com\/coureur\/22221\/agua-marina-espinola\" target=\"_blank\" rel=\"noopener\">Agua Marina Espinola<\/a><\/strong>, 29 ans, a pris la 4e place du\u00a0Giro Mediterraneo Rosa, avec une 4e place d&rsquo;\u00e9tape, la 5e du Tour d&rsquo;Andalousie (1.1), la 6e du GP Eibar (1.Pro), la 9e du Championnat Panam\u00e9ricain du chrono, ou encore la 13e du Grand Prix Presidente (1.1), et la 24e du Tour des Pyr\u00e9n\u00e9es (2.1).<\/p>\n<p>La Paraguayenne a d\u00e9j\u00e0 de l&rsquo;exp\u00e9rience puisqu&rsquo;elle a \u00e9volu\u00e9 avec le CMC, Massi-Tactic, Canyon\/\/SRAM Generation ou encore&#8230; Primeau V\u00e9lo-Groupe Abadie, en 2024. Elle a notamment gagn\u00e9 le contre-la-montre des Jeux de l&rsquo;ODESUR en 2022, juste avant de terminer 2e du Tour de Formosa.<\/p>\n<p>Retrouvez toutes les mutations du peloton f\u00e9minin <strong><a href=\"https:\/\/www.directvelo.com\/mutations\/2026#teams-women\" target=\"_blank\" rel=\"noopener\">en cliquant ici<\/a><\/strong>.<\/p>\n","protected":false},"excerpt":{"rendered":"Le Team Abadie-Magnan a d\u00e9voil\u00e9 un nouveau nom pour son effectif 2026. Et il faut aller du c\u00f4t\u00e9&hellip;\n","protected":false},"author":2,"featured_media":567140,"comment_status":"","ping_status":"","sticky":false,"template":"","format":"standard","meta":{"footnotes":""},"categories":[1411],"tags":[834,828,836,829,837,827,83,826,824,823,1154,207,814,817,815,816,822,821,832,211,839,1011,27,820,818,819,835,831,830,833,838,60,212,208,825],"class_list":{"0":"post-567139","1":"post","2":"type-post","3":"status-publish","4":"format-standard","5":"has-post-thumbnail","7":"category-cyclisme","8":"tag-attaque","9":"tag-belgique","10":"tag-braquet","11":"tag-bretagne","12":"tag-chute","13":"tag-competition","14":"tag-coupe-de-france","15":"tag-coureur","16":"tag-course-cyclisme","17":"tag-course-cycliste","18":"tag-cycling","19":"tag-cyclisme","20":"tag-direct","21":"tag-direct-velo","22":"tag-directvelo","23":"tag-directvelo-com","24":"tag-epreuve","25":"tag-epreuve-cycliste","26":"tag-federation-francaise-de-cyclisme","27":"tag-ffc","28":"tag-flandres","29":"tag-fr","30":"tag-france","31":"tag-live","32":"tag-live-course","33":"tag-live-epreuve","34":"tag-peloton","35":"tag-radio-peloton","36":"tag-radio-tour","37":"tag-ravitaillement","38":"tag-relance","39":"tag-sports","40":"tag-uci","41":"tag-velo","42":"tag-velos"},"share_on_mastodon":{"url":"https:\/\/pubeurope.com\/@fr\/115634291709323298","error":""},"_links":{"self":[{"href":"https:\/\/www.europesays.com\/fr\/wp-json\/wp\/v2\/posts\/567139","targetHints":{"allow":["GET"]}}],"collection":[{"href":"https:\/\/www.europesays.com\/fr\/wp-json\/wp\/v2\/posts"}],"about":[{"href":"https:\/\/www.europesays.com\/fr\/wp-json\/wp\/v2\/types\/post"}],"author":[{"embeddable":true,"href":"https:\/\/www.europesays.com\/fr\/wp-json\/wp\/v2\/users\/2"}],"replies":[{"embeddable":true,"href":"https:\/\/www.europesays.com\/fr\/wp-json\/wp\/v2\/comments?post=567139"}],"version-history":[{"count":0,"href":"https:\/\/www.europesays.com\/fr\/wp-json\/wp\/v2\/posts\/567139\/revisions"}],"wp:featuredmedia":[{"embeddable":true,"href":"https:\/\/www.europesays.com\/fr\/wp-json\/wp\/v2\/media\/567140"}],"wp:attachment":[{"href":"https:\/\/www.europesays.com\/fr\/wp-json\/wp\/v2\/media?parent=567139"}],"wp:term":[{"taxonomy":"category","embeddable":true,"href":"https:\/\/www.europesays.com\/fr\/wp-json\/wp\/v2\/categories?post=567139"},{"taxonomy":"post_tag","embeddable":true,"href":"https:\/\/www.europesays.com\/fr\/wp-json\/wp\/v2\/tags?post=567139"}],"curies":[{"name":"wp","href":"https:\/\/api.w.org\/{rel}","templated":true}]}}