{"id":567165,"date":"2025-11-29T18:13:19","date_gmt":"2025-11-29T18:13:19","guid":{"rendered":"https:\/\/www.europesays.com\/fr\/567165\/"},"modified":"2025-11-29T18:13:19","modified_gmt":"2025-11-29T18:13:19","slug":"alerte-a-la-bombe-en-plein-direct-sur-franceinfo-le-siege-de-france-tele-evacue","status":"publish","type":"post","link":"https:\/\/www.europesays.com\/fr\/567165\/","title":{"rendered":"Alerte \u00e0 la bombe en plein direct sur franceinfo, le si\u00e8ge de France t\u00e9l\u00e9 \u00e9vacu\u00e9"},"content":{"rendered":"<p>        <img decoding=\"async\" loading=\"lazy\" src=\"https:\/\/www.europesays.com\/fr\/wp-content\/uploads\/2025\/11\/3953d22_upload-1-4fj7vkbazml4-capture-d-ecran-2025-11-29-175656.png\"  width=\"728\" height=\"410\" alt=\"Le plateau de franceinfo \u00e9vacu\u00e9 en plein direct \u00e0 cause d\u2019une \u00ab\u00a0alerte \u00e0 la bombe\u00a0\u00bb\"\/>  <\/p>\n<p>Capture \u00e9cran franceinfo<\/p>\n<p>Le plateau de franceinfo \u00e9vacu\u00e9 en plein direct \u00e0 cause d\u2019une \u00ab\u00a0alerte \u00e0 la bombe\u00a0\u00bb<\/p>\n<p>      <strong>EN BREF<\/strong> <strong>\u2022 <\/strong>Le si\u00e8ge de France t\u00e9l\u00e9visions a \u00e9t\u00e9 \u00e9vacu\u00e9 \u00e0 cause d\u2019une alerte \u00e0 la bombe, comme BFMTV \u00e0 la mi-novembre.<br \/><strong>\u2022 <\/strong>L\u2019alarme a retenti en plein du direct de la cha\u00eene franceinfo, l\u2019antenne et le site Internet sont depuis perturb\u00e9s.<br \/><strong>\u2022 <\/strong>Une lev\u00e9e de doute est en cours.                         <\/p>\n<p class=\"asset asset-text\">Deux semaines apr\u00e8s BFMTV, au tour de France t\u00e9l\u00e9visions. En plein direct, le plateau de franceinfo a \u00e9t\u00e9 \u00e9vacu\u00e9 ce samedi 29\u00a0novembre en raison d\u2019une \u00ab\u00a0alerte \u00e0 la bombe\u00a0\u00bb, a annonc\u00e9 le pr\u00e9sentateur Jean-Christophe Galeazzi. Tout le b\u00e2timent h\u00e9bergeant les \u00e9quipes de la cha\u00eene est concern\u00e9 par cette \u00e9vacuation.<\/p>\n<p class=\"asset asset-text\">Il \u00e9tait 17h37\u00a0et des journalistes discutaient de <a href=\"https:\/\/www.huffingtonpost.fr\/international\/article\/guerre-en-ukraine-une-rencontre-zelensky-macron-a-nouveau-prevue-a-paris-en-pleines-negociations-de-paix_257673.html\" target=\"_blank\" rel=\"noopener\">l\u2019Ukraine<\/a>, plus pr\u00e9cis\u00e9ment de la d\u00e9mission du bras droit de Volodymyr Zelensky, <a href=\"https:\/\/www.huffingtonpost.fr\/international\/article\/ukraine-zelensky-perd-a-nouveau-un-tres-proche-collaborateur-eclabousse-par-un-scandale-de-corruption_257655.html\" target=\"_blank\" rel=\"noopener\">Andrii Iermak<\/a>, lorsque l\u2019alarme incendie s\u2019est d\u00e9clench\u00e9e. Aline le Bail-Kremer, d\u00e9crite en bandeau comme \u00e9tant journaliste et co-fondatrice du collectif Stand with Ukraine, s\u2019est tr\u00e8s vite lev\u00e9e de sa chaise toute en continuant \u00e0 parler quelques secondes pour terminer sa phrase.<\/p>\n<p> La lecture de ce contenu est susceptible d\u2019entra\u00eener un d\u00e9p\u00f4t de cookies de la part de l\u2019op\u00e9rateur tiers qui l\u2019h\u00e9berge. Compte-tenu des choix que vous avez exprim\u00e9s en mati\u00e8re de d\u00e9p\u00f4t de cookies, nous avons bloqu\u00e9 l\u2019affichage de ce contenu. Si vous souhaitez y acc\u00e9der, vous devez accepter la cat\u00e9gorie de cookies \u201cContenus tiers\u201d en cliquant sur le bouton ci-dessous. <\/p>\n<p> Lire la Vid\u00e9o        <\/p>\n<p class=\"asset asset-text\">\u00ab\u00a0On va \u00eatre oblig\u00e9 d\u2019interrompre notre antenne en raison d\u2019une alerte \u00e0 la bombe. On va rendre l\u2019antenne et restez avec nous sur franceinfo\u00a0\u00bb, a d\u00e9clar\u00e9 Jean-Christophe Galeazzi, \u00e0 la t\u00eate de la tranche 16\/18\u00a0heures sur la cha\u00eene d\u2019information en continu. Un g\u00e9n\u00e9rique est alors apparu et depuis, d\u2019anciens programmes sont diffus\u00e9s.<\/p>\n<p>                     Une lev\u00e9e de doute en cours    <\/p>\n<p class=\"asset asset-text\">\u00ab\u00a0Le si\u00e8ge parisien de France T\u00e9l\u00e9visions vient d\u2019\u00eatre \u00e9vacu\u00e9. Les services de l\u2019\u00c9tat ont pr\u00e9venu l\u2019entreprise d\u2019une alerte \u00e0 la bombe. La police et une \u00e9quipe cynophile sont actuellement sur place pour une lev\u00e9e de doute. L\u2019antenne de franceinfo et le site sont perturb\u00e9s\u00a0\u00bb, a indiqu\u00e9 le groupe dans un communiqu\u00e9.<\/p>\n<p class=\"asset asset-text\">\u00ab\u00a0Aux alentours de 17\u00a0h\u00a000, un signalement a \u00e9t\u00e9 effectu\u00e9 concernant un engin explosif au si\u00e8ge de la cha\u00eene France T\u00e9l\u00e9visions. Par mesure de s\u00e9curit\u00e9, le responsable du m\u00e9dia a souhait\u00e9 l\u2019\u00e9vacuation du site\u00a0\u00bb, a de son c\u00f4t\u00e9 indiqu\u00e9 une source polici\u00e8re.<\/p>\n<p class=\"asset asset-text\">\u00c0 l\u2019heure o\u00f9 ces lignes sont \u00e9crites, la lev\u00e9e de doute \u00e9tait toujours en cours dans le b\u00e2timent situ\u00e9 dans le 15e arrondissement de Paris.<\/p>\n","protected":false},"excerpt":{"rendered":"Capture \u00e9cran franceinfo Le plateau de franceinfo \u00e9vacu\u00e9 en plein direct \u00e0 cause d\u2019une \u00ab\u00a0alerte \u00e0 la bombe\u00a0\u00bb&hellip;\n","protected":false},"author":2,"featured_media":567166,"comment_status":"","ping_status":"","sticky":false,"template":"","format":"standard","meta":{"footnotes":""},"categories":[4],"tags":[11,37571,1011,27,2400,500,12,25],"class_list":{"0":"post-567165","1":"post","2":"type-post","3":"status-publish","4":"format-standard","5":"has-post-thumbnail","7":"category-france","8":"tag-actualites","9":"tag-alerte-a-la-bombe","10":"tag-fr","11":"tag-france","12":"tag-france-televisions","13":"tag-medias","14":"tag-news","15":"tag-republique-francaise"},"share_on_mastodon":{"url":"https:\/\/pubeurope.com\/@fr\/115634348011597534","error":""},"_links":{"self":[{"href":"https:\/\/www.europesays.com\/fr\/wp-json\/wp\/v2\/posts\/567165","targetHints":{"allow":["GET"]}}],"collection":[{"href":"https:\/\/www.europesays.com\/fr\/wp-json\/wp\/v2\/posts"}],"about":[{"href":"https:\/\/www.europesays.com\/fr\/wp-json\/wp\/v2\/types\/post"}],"author":[{"embeddable":true,"href":"https:\/\/www.europesays.com\/fr\/wp-json\/wp\/v2\/users\/2"}],"replies":[{"embeddable":true,"href":"https:\/\/www.europesays.com\/fr\/wp-json\/wp\/v2\/comments?post=567165"}],"version-history":[{"count":0,"href":"https:\/\/www.europesays.com\/fr\/wp-json\/wp\/v2\/posts\/567165\/revisions"}],"wp:featuredmedia":[{"embeddable":true,"href":"https:\/\/www.europesays.com\/fr\/wp-json\/wp\/v2\/media\/567166"}],"wp:attachment":[{"href":"https:\/\/www.europesays.com\/fr\/wp-json\/wp\/v2\/media?parent=567165"}],"wp:term":[{"taxonomy":"category","embeddable":true,"href":"https:\/\/www.europesays.com\/fr\/wp-json\/wp\/v2\/categories?post=567165"},{"taxonomy":"post_tag","embeddable":true,"href":"https:\/\/www.europesays.com\/fr\/wp-json\/wp\/v2\/tags?post=567165"}],"curies":[{"name":"wp","href":"https:\/\/api.w.org\/{rel}","templated":true}]}}