{"id":567190,"date":"2025-11-29T18:29:21","date_gmt":"2025-11-29T18:29:21","guid":{"rendered":"https:\/\/www.europesays.com\/fr\/567190\/"},"modified":"2025-11-29T18:29:21","modified_gmt":"2025-11-29T18:29:21","slug":"le-festival-de-cinema-queer-regards-a-trouve-sa-place-a-rennes","status":"publish","type":"post","link":"https:\/\/www.europesays.com\/fr\/567190\/","title":{"rendered":"Le festival de cin\u00e9ma Queer Regard(s) a trouv\u00e9 sa place \u00e0 Rennes"},"content":{"rendered":"<p>Le festival a commenc\u00e9 un petit peu en avance cette ann\u00e9e avec la projection le 11\u00a0novembre en avant-premi\u00e8re du <a href=\"https:\/\/rennes.maville.com\/actu\/actudet_--des-preuves-d-amour-une-comedie-romantique-vivifiante-_52674-7067839_actu.Htm\" target=\"_self\" rel=\"noopener\">film <\/a>  <a href=\"https:\/\/rennes.maville.com\/actu\/actudet_--des-preuves-d-amour-une-comedie-romantique-vivifiante-_52674-7067839_actu.Htm\" target=\"_self\" rel=\"noopener\">Des preuves d\u2019amour<\/a>. La salle \u00e9tait comble avec 376\u00a0spectateurs pour cette com\u00e9die romantique autour de l\u2019attente d\u2019un enfant par un couple de lesbiennes. De quoi mettre en confiance les organisatrices de la 2e\u00a0\u00e9dition du <a href=\"https:\/\/rennes.maville.com\/actu\/actudet_-a-rennes-un-nouveau-festival-de-cinema-et-culture-queer-_52674-6580434_actu.Htm\" target=\"_self\" rel=\"noopener\">festival Regard(s).<\/a>\u00a0<strong>\u00ab\u00a0C\u2019est un film qui fait du bien, une com\u00e9die. Car il y a peu de films l\u00e9gers sur la communaut\u00e9 LGBTQ.\u00a0\u00bb<\/strong><\/p>\n<p>\t<img decoding=\"async\" src=\"https:\/\/www.europesays.com\/fr\/wp-content\/uploads\/2025\/11\/P35609576D7086263G_px_640_.jpg\" alt=\"photo lesbian space princess, com\u00e9die de science-fiction d\u2019animation pour adultes, sign\u00e9e emma hough hobbs, et leela varghese.  \u00a9  we made a thing studios\" width=\"640\" title=\" Lesbian space princess, com\u00e9die de science-fiction d\u2019animation pour adultes, sign\u00e9e Emma Hough Hobbs, et Leela Varghese.   We Made A Thing Studios \"\/><\/p>\n<p class=\"elmt-legende\"> Lesbian space princess, com\u00e9die de science-fiction d\u2019animation pour adultes, sign\u00e9e Emma Hough Hobbs, et Leela Varghese.   We Made A Thing Studios <\/p>\n<p>La famille, une th\u00e9matique qui revient<\/p>\n<p>Cette ann\u00e9e, six longs-m\u00e9trages de fictions dont deux en avant-premi\u00e8re seront projet\u00e9s souvent en pr\u00e9sence des r\u00e9alisateurs, mais aussi des documentaires et douze courts-m\u00e9trages s\u00e9lectionn\u00e9s parmi 80\u00a0films vus. <strong>\u00ab\u00a0Une mani\u00e8re de montrer de nouvelles \u00e9critures cin\u00e9matographiques, autour de la th\u00e9matique de la famille, celle qu\u2019on se cr\u00e9e, qu\u2019on se choisit. Car \u00eatre rejet\u00e9 par sa famille, se retrouver \u00e0 la rue, \u00e7a existe toujours aujourd\u2019hui\u00a0\u00bb, <\/strong>expliquent\u00a0Armelle Bildgen et Nadine Patry, du festival Regard(s).<\/p>\n<p>\t<img decoding=\"async\" src=\"https:\/\/www.europesays.com\/fr\/wp-content\/uploads\/2025\/11\/P35609577D7086263G_px_640_.jpg\" alt=\"photo armelle bildgen et nadine patry, du festival regard(s)  \u00a9  ouest-france\" width=\"640\" title=\" Armelle Bildgen et Nadine Patry, du festival regard(s)   Ouest-France \"\/><\/p>\n<p class=\"elmt-legende\"> Armelle Bildgen et Nadine Patry, du festival regard(s)   Ouest-France <\/p>\n<p>Pour les programmatrices, le cin\u00e9ma est<strong> \u00ab\u00a0un vecteur ultra-militant. La communaut\u00e9 LGBTQ reste \u00e0 la marge. L\u2019homophobie est en hausse avec une augmentation des actes homophobes de 30\u00a0%. M\u00eame si \u00e0 Rennes, on est prot\u00e9g\u00e9, dans une ville bienveillante, on doit rester vigilant.\u00a0\u00bb<\/strong><\/p>\n<p>Deux Prix du public<\/p>\n<p>Cette ann\u00e9e, le festival propose au public de voter. Deux prix seront remis, un pour les longs-m\u00e9trages et documentaires, un autre pour les courts-m\u00e9trages. <strong>\u00ab\u00a0Ce sont des prix recherch\u00e9s par les r\u00e9alisateurs. \u00c7a leur permet ensuite d\u2019aller plus facilement chercher des fonds pour un nouveau film.\u00a0\u00bb<\/strong><\/p>\n<p>Le festival va aussi faire la f\u00eate avec un show queer et \u00e9lectro salle de la Cit\u00e9 le 12\u00a0d\u00e9cembre, un quiz cin\u00e9ma et une soir\u00e9e DJ.<\/p>\n<p>Du 10 au 14\u00a0d\u00e9cembre 2025, \u00e0 Rennes, au cin\u00e9-TNB, au Frac Bretagne, aux Champs Libres et au cin\u00e9ma Arvor. Tout le programme sur <a href=\"https:\/\/festival-regards.com\/\" rel=\"nofollow noopener\" target=\"_blank\">festival-regards.com<\/a><\/p>\n<p>\u00a0<\/p>\n","protected":false},"excerpt":{"rendered":"Le festival a commenc\u00e9 un petit peu en avance cette ann\u00e9e avec la projection le 11\u00a0novembre en avant-premi\u00e8re&hellip;\n","protected":false},"author":2,"featured_media":567191,"comment_status":"","ping_status":"","sticky":false,"template":"","format":"standard","meta":{"footnotes":""},"categories":[2821],"tags":[1111,11,829,650,1777,674,849,1011,27,12,5536,15348,11669,584,25,12206],"class_list":{"0":"post-567190","1":"post","2":"type-post","3":"status-publish","4":"format-standard","5":"has-post-thumbnail","7":"category-rennes","8":"tag-actu","9":"tag-actualites","10":"tag-bretagne","11":"tag-cinema","12":"tag-eu","13":"tag-europe","14":"tag-festival","15":"tag-fr","16":"tag-france","17":"tag-news","18":"tag-place","19":"tag-queer","20":"tag-regards","21":"tag-rennes","22":"tag-republique-francaise","23":"tag-trouve"},"share_on_mastodon":{"url":"https:\/\/pubeurope.com\/@fr\/115634411206870037","error":""},"_links":{"self":[{"href":"https:\/\/www.europesays.com\/fr\/wp-json\/wp\/v2\/posts\/567190","targetHints":{"allow":["GET"]}}],"collection":[{"href":"https:\/\/www.europesays.com\/fr\/wp-json\/wp\/v2\/posts"}],"about":[{"href":"https:\/\/www.europesays.com\/fr\/wp-json\/wp\/v2\/types\/post"}],"author":[{"embeddable":true,"href":"https:\/\/www.europesays.com\/fr\/wp-json\/wp\/v2\/users\/2"}],"replies":[{"embeddable":true,"href":"https:\/\/www.europesays.com\/fr\/wp-json\/wp\/v2\/comments?post=567190"}],"version-history":[{"count":0,"href":"https:\/\/www.europesays.com\/fr\/wp-json\/wp\/v2\/posts\/567190\/revisions"}],"wp:featuredmedia":[{"embeddable":true,"href":"https:\/\/www.europesays.com\/fr\/wp-json\/wp\/v2\/media\/567191"}],"wp:attachment":[{"href":"https:\/\/www.europesays.com\/fr\/wp-json\/wp\/v2\/media?parent=567190"}],"wp:term":[{"taxonomy":"category","embeddable":true,"href":"https:\/\/www.europesays.com\/fr\/wp-json\/wp\/v2\/categories?post=567190"},{"taxonomy":"post_tag","embeddable":true,"href":"https:\/\/www.europesays.com\/fr\/wp-json\/wp\/v2\/tags?post=567190"}],"curies":[{"name":"wp","href":"https:\/\/api.w.org\/{rel}","templated":true}]}}