{"id":567196,"date":"2025-11-29T18:33:21","date_gmt":"2025-11-29T18:33:21","guid":{"rendered":"https:\/\/www.europesays.com\/fr\/567196\/"},"modified":"2025-11-29T18:33:21","modified_gmt":"2025-11-29T18:33:21","slug":"paris-le-grand-voyage-au-musee-de-lhomme-de-la-jeune-fille-momifiee-de-strasbourg","status":"publish","type":"post","link":"https:\/\/www.europesays.com\/fr\/567196\/","title":{"rendered":"Paris. Le grand voyage au\u00a0Mus\u00e9e de l&rsquo;Homme\u00a0de la jeune fille momifi\u00e9e de Strasbourg"},"content":{"rendered":"<p>La jeune fille momifi\u00e9e de Strasbourg est unique au monde. Son \u00e9tat incroyable de conservation, mais aussi la p\u00e9riode, le premier tiers du XVIIe\u00a0si\u00e8cle, et son \u00e2ge, entre 8 et 12 ans, font d\u2019elle une pr\u00e9cieuse source d\u2019enseignements.<\/p>\n<p>Longtemps conserv\u00e9e en l\u2019\u00e9glise Saint-Thomas, \u201ccath\u00e9drale\u201d du protestantisme en Alsace, elle a \u00e9t\u00e9 confi\u00e9e au Mus\u00e9e historique de Strasbourg en 1991 en raison du tourisme jug\u00e9 morbide qu\u2019elle suscitait, mais aussi de probl\u00e8mes de conservation. Elle reposait depuis dans les r\u00e9serves du mus\u00e9e. Ce dernier a souhait\u00e9 s\u2019en s\u00e9parer voil\u00e0 deux ans.\u00a0La direction des Mus\u00e9es de Strasbourg avance des raisons \u00e9thiques\u00a0: \u00ab\u00a0La patrimonialisation des restes humains est aujourd\u2019hui examin\u00e9e au cas par cas et l\u2019entr\u00e9e dans les&#8230;<\/p>\n","protected":false},"excerpt":{"rendered":"La jeune fille momifi\u00e9e de Strasbourg est unique au monde. Son \u00e9tat incroyable de conservation, mais aussi la&hellip;\n","protected":false},"author":2,"featured_media":567197,"comment_status":"","ping_status":"","sticky":false,"template":"","format":"standard","meta":{"footnotes":""},"categories":[2820],"tags":[1111,11,2389,1687,2880,1777,674,2271,107,1011,27,775,12,2661,25,640,2879],"class_list":{"0":"post-567196","1":"post","2":"type-post","3":"status-publish","4":"format-standard","5":"has-post-thumbnail","7":"category-strasbourg","8":"tag-actu","9":"tag-actualites","10":"tag-alsace","11":"tag-culture-loisirs","12":"tag-edition-strasbourg","13":"tag-eu","14":"tag-europe","15":"tag-exposition-arts-plastiques","16":"tag-fil-info","17":"tag-fr","18":"tag-france","19":"tag-grand-est","20":"tag-news","21":"tag-patrimoine-culturel","22":"tag-republique-francaise","23":"tag-strasbourg","24":"tag-strasbourg-ville"},"share_on_mastodon":{"url":"https:\/\/pubeurope.com\/@fr\/115634425381453676","error":""},"_links":{"self":[{"href":"https:\/\/www.europesays.com\/fr\/wp-json\/wp\/v2\/posts\/567196","targetHints":{"allow":["GET"]}}],"collection":[{"href":"https:\/\/www.europesays.com\/fr\/wp-json\/wp\/v2\/posts"}],"about":[{"href":"https:\/\/www.europesays.com\/fr\/wp-json\/wp\/v2\/types\/post"}],"author":[{"embeddable":true,"href":"https:\/\/www.europesays.com\/fr\/wp-json\/wp\/v2\/users\/2"}],"replies":[{"embeddable":true,"href":"https:\/\/www.europesays.com\/fr\/wp-json\/wp\/v2\/comments?post=567196"}],"version-history":[{"count":0,"href":"https:\/\/www.europesays.com\/fr\/wp-json\/wp\/v2\/posts\/567196\/revisions"}],"wp:featuredmedia":[{"embeddable":true,"href":"https:\/\/www.europesays.com\/fr\/wp-json\/wp\/v2\/media\/567197"}],"wp:attachment":[{"href":"https:\/\/www.europesays.com\/fr\/wp-json\/wp\/v2\/media?parent=567196"}],"wp:term":[{"taxonomy":"category","embeddable":true,"href":"https:\/\/www.europesays.com\/fr\/wp-json\/wp\/v2\/categories?post=567196"},{"taxonomy":"post_tag","embeddable":true,"href":"https:\/\/www.europesays.com\/fr\/wp-json\/wp\/v2\/tags?post=567196"}],"curies":[{"name":"wp","href":"https:\/\/api.w.org\/{rel}","templated":true}]}}