{"id":56720,"date":"2025-04-27T11:37:13","date_gmt":"2025-04-27T11:37:13","guid":{"rendered":"https:\/\/www.europesays.com\/fr\/56720\/"},"modified":"2025-04-27T11:37:13","modified_gmt":"2025-04-27T11:37:13","slug":"la-courgette-marocaine-a-la-conquete-du-marche-europeen","status":"publish","type":"post","link":"https:\/\/www.europesays.com\/fr\/56720\/","title":{"rendered":"La courgette marocaine \u00e0 la conqu\u00eate du march\u00e9 europ\u00e9en"},"content":{"rendered":"<p><img loading=\"lazy\" decoding=\"async\" width=\"696\" height=\"392\" class=\"entry-thumb\" src=\"https:\/\/www.europesays.com\/fr\/wp-content\/uploads\/2025\/04\/courgette-du-maroc-696x392.jpg\"   alt=\"Courgette du Maroc\" title=\"Courgette du Maroc\"\/>Courgette du Maroc<\/p>\n<p>Apr\u00e8s avoir impos\u00e9 sa tomate, son melon et sa past\u00e8que, le Maroc affirme d\u00e9sormais sa pr\u00e9sence sur les \u00e9tals europ\u00e9ens avec un nouveau produit phare : la courgette. Cette progression fulgurante s\u2019inscrit dans une strat\u00e9gie agricole ambitieuse, mais soul\u00e8ve \u00e9galement des questions sur le plan commercial et diplomatique.<\/p>\n<p>Une perc\u00e9e sur le march\u00e9 europ\u00e9en<\/p>\n<p>La courgette marocaine, jusqu\u2019alors dans l\u2019ombre de sa concurrente espagnole, conna\u00eet une ascension r\u00e9guli\u00e8re. Les chiffres parlent d\u2019eux-m\u00eames : entre le 1\u1d49\u02b3 octobre et le 8 d\u00e9cembre 2024, les <a href=\"https:\/\/www.afrik.com\/le-syndicat-agricole-espagnol-denonce-un-pillage-des-ressources-du-sahara-occidental-et-exige-l-arret-des-exportations-marocaines\" target=\"_blank\" rel=\"noopener nofollow\">exportations marocaines<\/a> de ce l\u00e9gume ont bondi de 47% par rapport \u00e0 l\u2019ann\u00e9e pr\u00e9c\u00e9dente. Pour la campagne 2024\/2025, le Royaume a d\u00e9j\u00e0 exp\u00e9di\u00e9 plus de 35 millions de kilos vers l\u2019Union europ\u00e9enne, g\u00e9n\u00e9rant 42,3 millions d\u2019euros avec un prix moyen de 1,19 \u20ac\/kg.<\/p>\n<p>Cette performance remarquable laisse cependant encore le Royaume Ch\u00e9rifien loin derri\u00e8re <a href=\"https:\/\/www.afrik.com\/espagne\" target=\"_blank\" rel=\"noopener nofollow\">l\u2019Espagne<\/a> qui domine toujours ce march\u00e9 avec 66,7% des parts et 305,8 millions de kilos export\u00e9s en 2023\/2024. Mais le Maroc semble d\u00e9sormais en mesure de contester cette supr\u00e9matie.<\/p>\n<p>Les secrets d\u2019une r\u00e9ussite programm\u00e9e<\/p>\n<p>Plusieurs facteurs expliquent cette mont\u00e9e en puissance marocaine dans le secteur de la courgette :<\/p>\n<ul>\n<li>Innovation vari\u00e9tale et qualit\u00e9 post-r\u00e9colte : Les producteurs marocains ont d\u00e9velopp\u00e9 des vari\u00e9t\u00e9s pr\u00e9coces, r\u00e9sistantes aux maladies comme l\u2019o\u00efdium et divers virus, tout en optimisant leur calibrage pour une conservation prolong\u00e9e. Ces caract\u00e9ristiques r\u00e9pondent parfaitement aux exigences logistiques du march\u00e9 europ\u00e9en.<\/li>\n<li>Strat\u00e9gie de compl\u00e9mentarit\u00e9 saisonni\u00e8re : La campagne marocaine, qui s\u2019\u00e9tend d\u2019octobre \u00e0 mai, vient judicieusement compl\u00e9ter les disponibilit\u00e9s europ\u00e9ennes, principalement concentr\u00e9es sur l\u2019\u00e9t\u00e9 et l\u2019automne. Cette compl\u00e9mentarit\u00e9 offre aux distributeurs un approvisionnement continu en courgettes, m\u00eame hors saison locale.<\/li>\n<li>Optimisation logistique : La <a href=\"https:\/\/www.afrik.com\/le-maroc-a-t-il-une-frontiere-terrestre-avec-l-espagne\" target=\"_blank\" rel=\"noopener nofollow\">proximit\u00e9 g\u00e9ographique du Maroc avec l\u2019Europe,<\/a> coupl\u00e9e \u00e0 l\u2019am\u00e9lioration des liaisons ferroviaires et maritimes, permet de r\u00e9duire consid\u00e9rablement les d\u00e9lais de transport. Cette rapidit\u00e9 garantit non seulement la fra\u00eecheur des produits mais contribue \u00e9galement \u00e0 diminuer l\u2019empreinte carbone par rapport \u00e0 des fournisseurs plus \u00e9loign\u00e9s.<\/li>\n<\/ul>\n<p>Un h\u00e9ritage agricole solide<\/p>\n<p>Ce succ\u00e8s de la courgette s\u2019inscrit dans une dynamique plus large d\u2019exportation agricole marocaine vers l\u2019Europe. Depuis plus d\u2019une d\u00e9cennie, le Royaume a consolid\u00e9 sa position de fournisseur majeur de fruits et l\u00e9gumes aupr\u00e8s de l\u2019Union europ\u00e9enne.<\/p>\n<p>C\u2019est d\u2019abord la tomate sous serre a d\u2019abord ouvert la voie, avec des exportations atteignant plus de 300 millions de kilos depuis la campagne 2020\/2021. Apr\u00e8s une l\u00e9g\u00e8re \u00e9rosion en 2021\/2022, ces volumes ont rebondi, port\u00e9s notamment par les zones de production de la r\u00e9gion de <a href=\"https:\/\/www.afrik.com\/maroc-frappe-vague-chaleur-lundi\" target=\"_blank\" rel=\"noopener nofollow\">Rhamna<\/a> au Maroc.<\/p>\n<p>Plus globalement, entre janvier et septembre 2023, les exportations marocaines de fruits et l\u00e9gumes frais vers l\u2019UE ont atteint 1,83 milliard d\u2019euros, soit une hausse de 6% sur un an, confirmant la robustesse de ce secteur.<\/p>\n<p>D\u00e9fis et perspectives d\u2019avenir<\/p>\n<p>Pour confirmer son statut \u00e9mergent de champion de la courgette, le Maroc devra relever plusieurs d\u00e9fis :<\/p>\n<ul>\n<li>Poursuivre l\u2019investissement dans la recherche vari\u00e9tale pour am\u00e9liorer encore les rendements et la r\u00e9sistance aux stress climatiques.<\/li>\n<li>Renforcer les d\u00e9marches qualit\u00e9 et tra\u00e7abilit\u00e9 pour r\u00e9pondre aux exigences croissantes des consommateurs europ\u00e9ens en mati\u00e8re de s\u00e9curit\u00e9 alimentaire et de d\u00e9veloppement durable.<\/li>\n<li>S\u00e9curiser un cadre commercial stable avec l\u2019Union europ\u00e9enne afin d\u2019\u00e9viter d\u2019\u00e9ventuelles impositions tarifaires abruptes ou des quotas restrictifs.<\/li>\n<\/ul>\n<p>Des tensions commerciales persistantes et la question sensible du Sahara Occidental<\/p>\n<p>La perc\u00e9e marocaine ne se fait pas sans heurts. En Espagne notamment, des producteurs des r\u00e9gions de Murcia et d\u2019Almer\u00eda accusent r\u00e9guli\u00e8rement les importations marocaines \u00e0 bas co\u00fbt d&rsquo;\u00a0\u00bbinonder\u00a0\u00bb le march\u00e9 europ\u00e9en et de menacer leurs exploitations familiales.<\/p>\n<p>Depuis 2023, ces tensions ont donn\u00e9 lieu \u00e0 des mobilisations et \u00e0 des campagnes de lobbying intensives, aboutissant \u00e0 des recours devant la Commission europ\u00e9enne. Ces d\u00e9marches visent \u00e0 exiger des droits antidumping et une tra\u00e7abilit\u00e9 plus stricte des produits import\u00e9s du Maroc.<\/p>\n<p>En effet, un point de controverse essentiel demeure : les statistiques officielles des exportations marocaines incluent souvent les volumes r\u00e9colt\u00e9s dans le Sahara Occidental, r\u00e9gion dont le statut juridique fait l\u2019objet de d\u00e9bats internationaux. Plusieurs ONG estiment que la production horticole y est soit sous-comptabilis\u00e9e, soit non distingu\u00e9e dans les bilans nationaux marocains. Un point confirm\u00e9 par <a href=\"https:\/\/www.afrik.com\/souverainete-et-ressources-du-sahara-occidental-la-cjue-remet-en-question-les-accords-ue-maroc\" target=\"_blank\" rel=\"noopener nofollow\">deux d\u00e9cisions de la Cour de Justice de l\u2019Union Europ\u00e9enne<\/a> reconnaissant, en conformit\u00e9 avec le droit international, l\u2019ind\u00e9pendance du Sahara occidental.<\/p>\n<p>L\u2019avenir dira si le mod\u00e8le agricole marocain saura r\u00e9pondre durablement aux d\u00e9fis de comp\u00e9titivit\u00e9 et de transparence qu\u2019exige le march\u00e9 europ\u00e9en.<\/p>\n","protected":false},"excerpt":{"rendered":"Courgette du Maroc Apr\u00e8s avoir impos\u00e9 sa tomate, son melon et sa past\u00e8que, le Maroc affirme d\u00e9sormais sa&hellip;\n","protected":false},"author":2,"featured_media":56721,"comment_status":"","ping_status":"","sticky":false,"template":"","format":"standard","meta":{"footnotes":""},"categories":[1586],"tags":[11,327,215,1777,674,1779,1011,27,2223,12,25,1778,364],"class_list":{"0":"post-56720","1":"post","2":"type-post","3":"status-publish","4":"format-standard","5":"has-post-thumbnail","7":"category-europe","8":"tag-actualites","9":"tag-agriculture","10":"tag-commerce","11":"tag-eu","12":"tag-europe","13":"tag-european-union","14":"tag-fr","15":"tag-france","16":"tag-maroc","17":"tag-news","18":"tag-republique-francaise","19":"tag-ue","20":"tag-union-europeenne"},"share_on_mastodon":{"url":"https:\/\/pubeurope.com\/@fr\/114409730431630145","error":""},"_links":{"self":[{"href":"https:\/\/www.europesays.com\/fr\/wp-json\/wp\/v2\/posts\/56720","targetHints":{"allow":["GET"]}}],"collection":[{"href":"https:\/\/www.europesays.com\/fr\/wp-json\/wp\/v2\/posts"}],"about":[{"href":"https:\/\/www.europesays.com\/fr\/wp-json\/wp\/v2\/types\/post"}],"author":[{"embeddable":true,"href":"https:\/\/www.europesays.com\/fr\/wp-json\/wp\/v2\/users\/2"}],"replies":[{"embeddable":true,"href":"https:\/\/www.europesays.com\/fr\/wp-json\/wp\/v2\/comments?post=56720"}],"version-history":[{"count":0,"href":"https:\/\/www.europesays.com\/fr\/wp-json\/wp\/v2\/posts\/56720\/revisions"}],"wp:featuredmedia":[{"embeddable":true,"href":"https:\/\/www.europesays.com\/fr\/wp-json\/wp\/v2\/media\/56721"}],"wp:attachment":[{"href":"https:\/\/www.europesays.com\/fr\/wp-json\/wp\/v2\/media?parent=56720"}],"wp:term":[{"taxonomy":"category","embeddable":true,"href":"https:\/\/www.europesays.com\/fr\/wp-json\/wp\/v2\/categories?post=56720"},{"taxonomy":"post_tag","embeddable":true,"href":"https:\/\/www.europesays.com\/fr\/wp-json\/wp\/v2\/tags?post=56720"}],"curies":[{"name":"wp","href":"https:\/\/api.w.org\/{rel}","templated":true}]}}