{"id":567202,"date":"2025-11-29T18:36:20","date_gmt":"2025-11-29T18:36:20","guid":{"rendered":"https:\/\/www.europesays.com\/fr\/567202\/"},"modified":"2025-11-29T18:36:20","modified_gmt":"2025-11-29T18:36:20","slug":"animal-totem-en-avant-premiere-a-nantes-lundi","status":"publish","type":"post","link":"https:\/\/www.europesays.com\/fr\/567202\/","title":{"rendered":"\u00abAnimal Totem\u00bb en avant-premi\u00e8re \u00e0 Nantes lundi"},"content":{"rendered":"<p>Les spectateurs nantais vont pouvoir d\u00e9couvrir lundi 1er d\u00e9cembre en avant-premi\u00e8re \u00e0 20 h 30 au Katorza, le dernier film de Beno\u00eet Del\u00e9pine, Animal Totem, qui sort le 10 d\u00e9cembre prochain. Le r\u00e9alisateur et l\u2019acteur principal, Samir Guesmi, seront sur place pour \u00e9changer apr\u00e8s la projection avec les spectateurs du film.<\/p>\n<p>Beno\u00eet Del\u00e9pine a r\u00e9alis\u00e9 en solo ce conte \u00e9cologique et loufoque, v\u00e9ritable road movie en valise \u00e0 roulettes d\u2019un justicier singulier, Samir Guesmi, comme un James Bond m\u00e2tin\u00e9 de Monsieur Hulot autour duquel gravite une \u00e9quipe. Refaire les Daktari. Refaire les Westerns. Refaire les Kung Fu. Voil\u00e0. Inconsciemment ce pourrait \u00eatre cela, le mobile du film. Le m\u00eame que dans mon village quand j\u2019\u00e9tais petit. Refaire Kung Fu en vrai. En grand. Trouver mon David Karradine. Le mien s\u2019appelle Samir Guesmi, avoue Beno\u00eet Del\u00e9pine.<\/p>\n<p>Le pitch : de l\u2019a\u00e9roport de Beauvais \u00e0 la D\u00e9fense, accompagn\u00e9 de sa valise \u00e0 roulettes, Darius traverse \u00e0 pied campagnes et banlieues pour mener \u00e0 bien, et sans empreinte carbone, une myst\u00e9rieuse mission.<\/p>\n<p>Animal Totem, un film de Beno\u00eet Del\u00e9pine (1 h 31), avec Samir Guesmi, Olivier Rabourdin, Sol\u00e8ne Rigot, Pierre Lotin\u2026<\/p>\n<p>\u00a0<\/p>\n","protected":false},"excerpt":{"rendered":"Les spectateurs nantais vont pouvoir d\u00e9couvrir lundi 1er d\u00e9cembre en avant-premi\u00e8re \u00e0 20 h 30 au Katorza, le&hellip;\n","protected":false},"author":2,"featured_media":567203,"comment_status":"","ping_status":"","sticky":false,"template":"","format":"standard","meta":{"footnotes":""},"categories":[2818],"tags":[1111,11,18732,10903,1777,674,1011,27,9865,766,12,2636,25,20634],"class_list":{"0":"post-567202","1":"post","2":"type-post","3":"status-publish","4":"format-standard","5":"has-post-thumbnail","7":"category-nantes","8":"tag-actu","9":"tag-actualites","10":"tag-animal","11":"tag-avant-premiere","12":"tag-eu","13":"tag-europe","14":"tag-fr","15":"tag-france","16":"tag-lundi","17":"tag-nantes","18":"tag-news","19":"tag-pays-de-la-loire","20":"tag-republique-francaise","21":"tag-totem"},"share_on_mastodon":{"url":"https:\/\/pubeurope.com\/@fr\/115634437097126794","error":""},"_links":{"self":[{"href":"https:\/\/www.europesays.com\/fr\/wp-json\/wp\/v2\/posts\/567202","targetHints":{"allow":["GET"]}}],"collection":[{"href":"https:\/\/www.europesays.com\/fr\/wp-json\/wp\/v2\/posts"}],"about":[{"href":"https:\/\/www.europesays.com\/fr\/wp-json\/wp\/v2\/types\/post"}],"author":[{"embeddable":true,"href":"https:\/\/www.europesays.com\/fr\/wp-json\/wp\/v2\/users\/2"}],"replies":[{"embeddable":true,"href":"https:\/\/www.europesays.com\/fr\/wp-json\/wp\/v2\/comments?post=567202"}],"version-history":[{"count":0,"href":"https:\/\/www.europesays.com\/fr\/wp-json\/wp\/v2\/posts\/567202\/revisions"}],"wp:featuredmedia":[{"embeddable":true,"href":"https:\/\/www.europesays.com\/fr\/wp-json\/wp\/v2\/media\/567203"}],"wp:attachment":[{"href":"https:\/\/www.europesays.com\/fr\/wp-json\/wp\/v2\/media?parent=567202"}],"wp:term":[{"taxonomy":"category","embeddable":true,"href":"https:\/\/www.europesays.com\/fr\/wp-json\/wp\/v2\/categories?post=567202"},{"taxonomy":"post_tag","embeddable":true,"href":"https:\/\/www.europesays.com\/fr\/wp-json\/wp\/v2\/tags?post=567202"}],"curies":[{"name":"wp","href":"https:\/\/api.w.org\/{rel}","templated":true}]}}