{"id":567214,"date":"2025-11-29T18:42:18","date_gmt":"2025-11-29T18:42:18","guid":{"rendered":"https:\/\/www.europesays.com\/fr\/567214\/"},"modified":"2025-11-29T18:42:18","modified_gmt":"2025-11-29T18:42:18","slug":"les-quilles-libres-un-nouveau-bar-a-vin-naturel-tenu-par-deux-freres-dans-le-quartier-sebastopol","status":"publish","type":"post","link":"https:\/\/www.europesays.com\/fr\/567214\/","title":{"rendered":"Les Quilles Libres, un nouveau bar \u00e0 vin naturel tenu par deux fr\u00e8res dans le quartier S\u00e9bastopol"},"content":{"rendered":"<p>                    Par<br \/>\n        <strong><br \/>\n            <a href=\"https:\/\/actu.fr\/auteur\/hervine-mahaud\" title=\"Consulter tous les articles de Hervine Mahaud\" target=\"_blank\" rel=\"noopener\">Hervine Mahaud<\/a><br \/>\n                    <\/strong><\/p>\n<p>        Publi\u00e9 le<\/p>\n<p>            29 nov. 2025 \u00e0 18h36        <\/p>\n<p>Un nouveau nom pour un nouveau d\u00e9part. En juin dernier, l\u2019\u00e9picerie <a href=\"https:\/\/actu.fr\/hauts-de-france\/lille_59350\/lille-my-love-la-nouvelle-epicerie-supermarche-du-quartier-sebastopol-ouvre-tres-bientot_38506550.html\" target=\"_blank\" rel=\"noopener\">My Love<\/a> a \u00e9t\u00e9 reprise par Simon et Antoine Desplanques, <b>deux fr\u00e8res passionn\u00e9s de vin<\/b> qui ont souhait\u00e9 donn\u00e9 un nouvel \u00e9lan au lieu. Ainsi, depuis mi-novembre, c\u2019est une <b>cave et bar \u00e0 vin<\/b> d\u00e9di\u00e9s aux vins <b>bio, biodynamiques et naturels<\/b>. que l\u2019on retrouve au <b>45 rue des Pyramides<\/b>, non loin du S\u00e9bastopol, \u00e0 Lille. Bienvenue chez <b>Les Quilles Libres<\/b> !<\/p>\n<p>Du vin\u2026 mais pas n\u2019importe lequel<\/p>\n<p class=\" wall-content\">Certains l\u2019ignorent encore : un <b>vin conventionnel<\/b>, c\u2019est du raisin. Mais c\u2019est aussi <b>beaucoup d\u2019additifs, comme les sulfites<\/b>. Soucieux de ce qu\u2019ils mettent dans leurs bouteilles, de plus en plus de vignerons s\u2019engagent vers une <b>production plus respectueuse<\/b>. C\u2019est ce mouvement que souhaite d\u00e9fendre Les Quilles Libres, avec une <b>s\u00e9lection 100 % durable, transparente<\/b> et <b>r\u00e9guli\u00e8rement renouvel\u00e9e<\/b>.<\/p>\n<p class=\" wall-content\">Derri\u00e8re le projet, Simon et Antoine Desplanques, deux Lillois passionn\u00e9s de vin, qui ont quitt\u00e9 leurs m\u00e9tiers dans l\u2019informatique et la logistique pour se former aupr\u00e8s de professionnels reconnus. Leur id\u00e9e : prouver que les vins naturels ne sont pas une mode, mais une vraie fa\u00e7on de <b>vinifier autrement, sans sacrifier le go\u00fbt<\/b>.<\/p>\n<p>Une cave vivante, accessible et ouverte \u00e0 tous les profils<\/p>\n<p class=\" wall-content\">Aujourd\u2019hui, Les Quilles Libres \u00ab\u00a0c\u2019est l\u2019aboutissement de notre vision de ce que doit \u00eatre un bar \u00e0 vin, un vrai<b> lieu de rencontre et de partage<\/b>\u00ab\u00a0, explique Simon. Le bar compte ainsi <b>plus d\u2019une centaine de r\u00e9f\u00e9rences<\/b>\u00a0de <b>vins bio, biodynamiques et naturels<\/b>. \u00ab\u00a0On les a choisies et on les aime !\u00a0\u00bb<\/p>\n<p class=\" wall-content\">Les bouteilles propos\u00e9es sont des vins ferment\u00e9s avec des levures dites \u00ab\u00a0indig\u00e8nes\u00a0\u00bb. \u00ab\u00a0\u00c7a permet vraiment de <b>faire ressortie les terroirs des vins<\/b>. On est vraiment conquis par cette m\u00e9thode de vinification.\u00a0\u00bb<\/p>\n<p class=\" wall-content\"><a href=\"https:\/\/www.instagram.com\/p\/DQ9znkWDEzM\/embed\" title=\"Ouvrir le lien sur Instagram\" target=\"_blank\" rel=\"noopener\">Visualiser le contenu sur Instagram<\/a><\/p>\n<p class=\" wall-content\">Chez Les Quilles Libres, on peut <b>acheter \u00e0 emporter<\/b>, <b>boire un verre<\/b> ou d\u00e9guster une bouteille sur place avec <b>un droit de bouchon fixe de 10 \u20ac<\/b> par rapport au prix caviste. Une dizaine de vins sont \u00e9galement propos\u00e9s <b>au verre<\/b>, avec une carte qui \u00e9volue toutes les deux semaines.<\/p>\n<p class=\" wall-content\">L\u2019objectif est clair : faire de l\u2019adresse <b>un lieu de d\u00e9couverte<\/b>, accessible aussi bien aux connaisseurs qu\u2019aux curieux.<\/p>\n<p>Votre r\u00e9gion, votre actu !<\/p>\n<p>Recevez chaque jour les infos qui comptent pour vous.<\/p>\n<p>\t<a href=\"https:\/\/actu.fr\/newsletter\" class=\"ac-btn ac-btn--corner ac-btn--medium ac-btn--blue800\" target=\"_blank\" rel=\"noopener\">S&rsquo;incrire<\/a><br \/>\nDes bi\u00e8res, des softs et de quoi grignoter<\/p>\n<p class=\" wall-content\">Le bar ne s\u2019arr\u00eate pas au raisin. On y trouve :<\/p>\n<ul class=\" wall-content\">\n<li><b>des bi\u00e8res locales de la brasserie Fives Cail<\/b>, \u00e0 la pression et bient\u00f4t en bouteille ;<\/li>\n<li><b>des softs artisanaux<\/b>, comme des limonades naturelles ou th\u00e9s glac\u00e9s.<\/li>\n<\/ul>\n<p class=\" wall-content\"><a href=\"https:\/\/www.instagram.com\/p\/DQwdEHxDbdO\/embed\" title=\"Ouvrir le lien sur Instagram\" target=\"_blank\" rel=\"noopener\">Visualiser le contenu sur Instagram<\/a><\/p>\n<p class=\" wall-content\">Pour accompagner les verres, la <b>petite restauration<\/b> s\u2019appuie sur des <b>produits frais et de saison<\/b> : houmous maison, l\u00e9gumes r\u00f4tis, planches \u00e0 partager, welsh ou focaccia selon les p\u00e9riodes de l\u2019ann\u00e9e. Une <b>offre \u00e9volutive<\/b>, pens\u00e9e pour l\u2019ap\u00e9ro, les soir\u00e9es entre amis\u2026 ou les d\u00e9gustations \u00e0 venir.<\/p>\n<p class=\" wall-content\">Personnalisez votre actualit\u00e9 en ajoutant vos villes et m\u00e9dias en favori avec <a href=\"https:\/\/moncompte.actu.fr\" title=\"D\u00e9couvez Mon Actu\" rel=\"nofollow noopener\" data-trk=\"{&quot;cta&quot;:{&quot;action&quot;:&quot;https:\\\/\\\/moncompte.actu.fr&quot;,&quot;category&quot;:&quot;mon compte&quot;,&quot;from&quot;:&quot;article footer&quot;,&quot;name&quot;:&quot;Mon actu&quot;,&quot;type&quot;:&quot;cta&quot;}}\" target=\"_blank\">Mon Actu<\/a>.<\/p>\n<p>                    <script async src=\"\/\/www.instagram.com\/embed.js\"><\/script><\/p>\n","protected":false},"excerpt":{"rendered":"Par Hervine Mahaud Publi\u00e9 le 29 nov. 2025 \u00e0 18h36 Un nouveau nom pour un nouveau d\u00e9part. En&hellip;\n","protected":false},"author":2,"featured_media":567215,"comment_status":"","ping_status":"","sticky":false,"template":"","format":"standard","meta":{"footnotes":""},"categories":[2815],"tags":[1111,11,33,1777,674,1011,27,811,1307,12,25],"class_list":{"0":"post-567214","1":"post","2":"type-post","3":"status-publish","4":"format-standard","5":"has-post-thumbnail","7":"category-lille","8":"tag-actu","9":"tag-actualites","10":"tag-economie","11":"tag-eu","12":"tag-europe","13":"tag-fr","14":"tag-france","15":"tag-hauts-de-france","16":"tag-lille","17":"tag-news","18":"tag-republique-francaise"},"share_on_mastodon":{"url":"https:\/\/pubeurope.com\/@fr\/115634460733151134","error":""},"_links":{"self":[{"href":"https:\/\/www.europesays.com\/fr\/wp-json\/wp\/v2\/posts\/567214","targetHints":{"allow":["GET"]}}],"collection":[{"href":"https:\/\/www.europesays.com\/fr\/wp-json\/wp\/v2\/posts"}],"about":[{"href":"https:\/\/www.europesays.com\/fr\/wp-json\/wp\/v2\/types\/post"}],"author":[{"embeddable":true,"href":"https:\/\/www.europesays.com\/fr\/wp-json\/wp\/v2\/users\/2"}],"replies":[{"embeddable":true,"href":"https:\/\/www.europesays.com\/fr\/wp-json\/wp\/v2\/comments?post=567214"}],"version-history":[{"count":0,"href":"https:\/\/www.europesays.com\/fr\/wp-json\/wp\/v2\/posts\/567214\/revisions"}],"wp:featuredmedia":[{"embeddable":true,"href":"https:\/\/www.europesays.com\/fr\/wp-json\/wp\/v2\/media\/567215"}],"wp:attachment":[{"href":"https:\/\/www.europesays.com\/fr\/wp-json\/wp\/v2\/media?parent=567214"}],"wp:term":[{"taxonomy":"category","embeddable":true,"href":"https:\/\/www.europesays.com\/fr\/wp-json\/wp\/v2\/categories?post=567214"},{"taxonomy":"post_tag","embeddable":true,"href":"https:\/\/www.europesays.com\/fr\/wp-json\/wp\/v2\/tags?post=567214"}],"curies":[{"name":"wp","href":"https:\/\/api.w.org\/{rel}","templated":true}]}}