{"id":567218,"date":"2025-11-29T18:45:19","date_gmt":"2025-11-29T18:45:19","guid":{"rendered":"https:\/\/www.europesays.com\/fr\/567218\/"},"modified":"2025-11-29T18:45:19","modified_gmt":"2025-11-29T18:45:19","slug":"une-marche-pour-dire-non-au-boulevard-urbain-sud-a-marseille","status":"publish","type":"post","link":"https:\/\/www.europesays.com\/fr\/567218\/","title":{"rendered":"une marche pour dire \u00ab\u00a0non\u00a0\u00bb au Boulevard urbain sud \u00e0 Marseille"},"content":{"rendered":"<p>\u00ab\u00a0Entre 10\u00a0000 et 40\u00a0000 voitures suppl\u00e9mentaires par jour\u00a0\u00bb, des espaces verts \u00ab\u00a0sacrifi\u00e9s\u00a0\u00bb, et la crainte des habitants de voir leur sant\u00e9 se d\u00e9grader. Apr\u00e8s la mise en service de la premi\u00e8re portion du <a href=\"https:\/\/www.laprovence.com\/article\/region\/1681465467273714\/marseille-confidentiels-droite-et-gauche-saffrontent-sur-le-boulevard-urbain-sud\" target=\"_blank\" rel=\"noopener\">Boulevard urbain sud<\/a> entre l\u2019\u00e9changeur Florian (10e) et la Gaye (9e), les opposants \u00e0 l\u2019extension de ce \u00ab\u00a0BUS\u00a0\u00bb ont manifest\u00e9 entre Castellane (6e) et le David (8e), ce samedi 29\u00a0novembre. Les travaux d\u2019am\u00e9nagement entre le boulevard de Sainte-Marguerite et le chemin du Roy d\u2019Espagne, aux portes du parc national des Calanques, doivent d\u00e9buter dans quelques jours.<\/p>\n<p>Une lutte de 10\u00a0ans<\/p>\n<p>Pour les quatre associations qui se sont positionn\u00e9es en premier contre le BUS (SOS Nature sud, Union calanques littoral, Sauvons la Mathilde, Face aux BUS), il s\u2019agit d\u2019un anniversaire. \u00ab\u00a0<a href=\"https:\/\/www.laprovence.com\/article\/ecoplanete\/4779568252136114\/marseille-au-roy-despagne-a-lombre-de-la-pinede-menacee-ils-disent-non-au-boulevard-urbain-vert\" target=\"_blank\" rel=\"noopener\">Depuis 10\u00a0ans, on est l\u00e0 et on ne l\u00e2chera rien<\/a>\u00ab\u00a0, pose d\u2019embl\u00e9e Martine Cros, \u00e0 la t\u00eate de SOS Nature sud.<\/p>\n<p>\u00ab\u00a0Cette manifestation a lieu dans le centre-ville pour donner une dimension marseillaise \u00e0 la contestation, car le BUS n\u2019est pas le probl\u00e8me des quartiers sud. Si la M\u00e9tropole cr\u00e9e un appel d\u2019air pour les voitures avec cette autoroute dans la ville, c\u2019est toute la L2 qui sera embouteill\u00e9e\u00a0\u00bb, expose cette responsable assoc&#8230;<\/p>\n","protected":false},"excerpt":{"rendered":"\u00ab\u00a0Entre 10\u00a0000 et 40\u00a0000 voitures suppl\u00e9mentaires par jour\u00a0\u00bb, des espaces verts \u00ab\u00a0sacrifi\u00e9s\u00a0\u00bb, et la crainte des habitants de&hellip;\n","protected":false},"author":2,"featured_media":567219,"comment_status":"","ping_status":"","sticky":false,"template":"","format":"standard","meta":{"footnotes":""},"categories":[2814],"tags":[17,1111,11,6955,1446,1777,674,1011,27,2089,884,12,471,882,25,104,96,4824],"class_list":{"0":"post-567218","1":"post","2":"type-post","3":"status-publish","4":"format-standard","5":"has-post-thumbnail","7":"category-marseille","8":"tag-17","9":"tag-actu","10":"tag-actualites","11":"tag-autoroute","12":"tag-dans","13":"tag-eu","14":"tag-europe","15":"tag-fr","16":"tag-france","17":"tag-marche","18":"tag-marseille","19":"tag-news","20":"tag-pour","21":"tag-provence-alpes-cote-dazur","22":"tag-republique-francaise","23":"tag-societe","24":"tag-une","25":"tag-ville"},"share_on_mastodon":{"url":"https:\/\/pubeurope.com\/@fr\/115634472525786691","error":""},"_links":{"self":[{"href":"https:\/\/www.europesays.com\/fr\/wp-json\/wp\/v2\/posts\/567218","targetHints":{"allow":["GET"]}}],"collection":[{"href":"https:\/\/www.europesays.com\/fr\/wp-json\/wp\/v2\/posts"}],"about":[{"href":"https:\/\/www.europesays.com\/fr\/wp-json\/wp\/v2\/types\/post"}],"author":[{"embeddable":true,"href":"https:\/\/www.europesays.com\/fr\/wp-json\/wp\/v2\/users\/2"}],"replies":[{"embeddable":true,"href":"https:\/\/www.europesays.com\/fr\/wp-json\/wp\/v2\/comments?post=567218"}],"version-history":[{"count":0,"href":"https:\/\/www.europesays.com\/fr\/wp-json\/wp\/v2\/posts\/567218\/revisions"}],"wp:featuredmedia":[{"embeddable":true,"href":"https:\/\/www.europesays.com\/fr\/wp-json\/wp\/v2\/media\/567219"}],"wp:attachment":[{"href":"https:\/\/www.europesays.com\/fr\/wp-json\/wp\/v2\/media?parent=567218"}],"wp:term":[{"taxonomy":"category","embeddable":true,"href":"https:\/\/www.europesays.com\/fr\/wp-json\/wp\/v2\/categories?post=567218"},{"taxonomy":"post_tag","embeddable":true,"href":"https:\/\/www.europesays.com\/fr\/wp-json\/wp\/v2\/tags?post=567218"}],"curies":[{"name":"wp","href":"https:\/\/api.w.org\/{rel}","templated":true}]}}