{"id":567222,"date":"2025-11-29T18:48:21","date_gmt":"2025-11-29T18:48:21","guid":{"rendered":"https:\/\/www.europesays.com\/fr\/567222\/"},"modified":"2025-11-29T18:48:21","modified_gmt":"2025-11-29T18:48:21","slug":"un-homme-de-25-ans-gravement-blesse","status":"publish","type":"post","link":"https:\/\/www.europesays.com\/fr\/567222\/","title":{"rendered":"un homme de 25 ans gravement bless\u00e9"},"content":{"rendered":"<p>Ce samedi 29\u00a0novembre aux alentours de 17\u00a0h\u00a015, les pompiers sont intervenus au niveau du 122, rue Pierre-Delore, dans le 8e arrondissement de Lyon. Dans cette art\u00e8re qui se situe au croisement avec la rue Henri-Barbusse, une voiture et une moto sont entr\u00e9es en collision dans des circonstances qui restent \u00e0 \u00e9claircir.<\/p>\n<p>Deux v\u00e9hicules des sapeurs-pompiers et un appartenant au SAMU ont \u00e9t\u00e9 d\u00e9p\u00each\u00e9s sur les lieux de l\u2019accident. Selon les informations recueillies par Le Progr\u00e8s , le conducteur de la moto, un homme \u00e2g\u00e9 de 25 ans, a \u00e9t\u00e9 pris dans en charge \u00ab\u00a0dans un \u00e9tat grave\u00a0\u00bb. Souffrant \u00ab\u00a0de plusieurs fractures\u00a0\u00bb, il a \u00e9t\u00e9 transport\u00e9 \u00e0 l\u2019h\u00f4pital \u00c9douard-Herriot.\u00a0<\/p>\n<p>Durant le temps de l\u2019intervention, la ligne de bus TCL n\u00b0\u00a035 a \u00e9t\u00e9 d\u00e9vi\u00e9e dans les deux sens. La circulation a repris progressivement peu apr\u00e8s 18\u00a0h\u00a030.<\/p>\n","protected":false},"excerpt":{"rendered":"Ce samedi 29\u00a0novembre aux alentours de 17\u00a0h\u00a015, les pompiers sont intervenus au niveau du 122, rue Pierre-Delore, dans&hellip;\n","protected":false},"author":2,"featured_media":567223,"comment_status":"","ping_status":"","sticky":false,"template":"","format":"standard","meta":{"footnotes":""},"categories":[1889],"tags":[1111,11,2430,271,272,2757,1777,674,274,107,1011,27,2428,2756,12,25,2429],"class_list":{"0":"post-567222","1":"post","2":"type-post","3":"status-publish","4":"format-standard","5":"has-post-thumbnail","7":"category-lyon","8":"tag-actu","9":"tag-actualites","10":"tag-auvergne-rhone-alpes","11":"tag-crime","12":"tag-delit-et-contravention","13":"tag-edition-lyon-villeurbanne","14":"tag-eu","15":"tag-europe","16":"tag-faits-divers-justice","17":"tag-fil-info","18":"tag-fr","19":"tag-france","20":"tag-lyon","21":"tag-lyon-bassin","22":"tag-news","23":"tag-republique-francaise","24":"tag-rhone"},"share_on_mastodon":{"url":"https:\/\/pubeurope.com\/@fr\/115634484308703981","error":""},"_links":{"self":[{"href":"https:\/\/www.europesays.com\/fr\/wp-json\/wp\/v2\/posts\/567222","targetHints":{"allow":["GET"]}}],"collection":[{"href":"https:\/\/www.europesays.com\/fr\/wp-json\/wp\/v2\/posts"}],"about":[{"href":"https:\/\/www.europesays.com\/fr\/wp-json\/wp\/v2\/types\/post"}],"author":[{"embeddable":true,"href":"https:\/\/www.europesays.com\/fr\/wp-json\/wp\/v2\/users\/2"}],"replies":[{"embeddable":true,"href":"https:\/\/www.europesays.com\/fr\/wp-json\/wp\/v2\/comments?post=567222"}],"version-history":[{"count":0,"href":"https:\/\/www.europesays.com\/fr\/wp-json\/wp\/v2\/posts\/567222\/revisions"}],"wp:featuredmedia":[{"embeddable":true,"href":"https:\/\/www.europesays.com\/fr\/wp-json\/wp\/v2\/media\/567223"}],"wp:attachment":[{"href":"https:\/\/www.europesays.com\/fr\/wp-json\/wp\/v2\/media?parent=567222"}],"wp:term":[{"taxonomy":"category","embeddable":true,"href":"https:\/\/www.europesays.com\/fr\/wp-json\/wp\/v2\/categories?post=567222"},{"taxonomy":"post_tag","embeddable":true,"href":"https:\/\/www.europesays.com\/fr\/wp-json\/wp\/v2\/tags?post=567222"}],"curies":[{"name":"wp","href":"https:\/\/api.w.org\/{rel}","templated":true}]}}