{"id":567224,"date":"2025-11-29T18:49:13","date_gmt":"2025-11-29T18:49:13","guid":{"rendered":"https:\/\/www.europesays.com\/fr\/567224\/"},"modified":"2025-11-29T18:49:13","modified_gmt":"2025-11-29T18:49:13","slug":"le-mouvement-bloquons-tout-orchestre-une-operation-boules-puantes-a-la-part-dieu","status":"publish","type":"post","link":"https:\/\/www.europesays.com\/fr\/567224\/","title":{"rendered":"le mouvement \u00ab\u00a0Bloquons-tout\u00a0\u00bb orchestre une op\u00e9ration boules puantes \u00e0 la Part-Dieu"},"content":{"rendered":"<p>\u00ab\u00a0\u00c7a pue la mort au centre commercial de <a href=\"https:\/\/www.leprogres.fr\/p\/part-dieu-lyon\" target=\"_blank\" rel=\"noopener\">la Part-Dieu<\/a>\u00a0\u00bb, ont post\u00e9 des internautes choqu\u00e9s, ce samedi de tr\u00e8s forte affluence, Black Friday oblige. \u00ab\u00a0La Part-Dieu, c\u2019est un enfer sur terre. Entre l\u2019autre fois, o\u00f9 je suis rest\u00e9e coinc\u00e9e dans le parking et maintenant leur centre qui pue la mort\u00a0\u00bb, a r\u00e9agi une cliente visiblement exc\u00e9d\u00e9e.<\/p>\n<p>Une odeur tr\u00e8s d\u00e9rangeante s\u2019est en effet propag\u00e9e dans les all\u00e9es du centre commercial alors bond\u00e9. Une odeur faisant penser \u00e0 \u00ab\u00a0une combinaison de fromage et d\u2019ail, fa\u00e7on fondue savoyarde au parfum d\u00e9cupl\u00e9\u00a0\u00bb, selon Maxence, indispos\u00e9 lui aussi.<\/p>\n<p>  S\u2019indigner<\/p>\n<p>Partout, on entendait des \u00ab\u00a0\u00e7a pue\u00a0!\u00a0\u00bb, des \u00ab\u00a0\u00e7a sent le fromage\u00a0!\u00a0\u00bb et des questionnements visant \u00e0 identifier la provenance de la puanteur obligeant \u00e0 se boucher le nez, \u00e0 se masquer le visage avec son \u00e9charpe, comme \u00e0 exp\u00e9rimenter une technique consistant \u00e0 r\u00e9cup\u00e9rer des testeurs de parfum dans les boutiques de cosm\u00e9tiques.<\/p>\n<p>Sortant d\u2019un ascenseur, on a aper\u00e7u deux dames prises de haut-le-c\u0153ur. \u00ab\u00a0Viens on se casse\u00a0!\u00a0\u00bb, d\u00e9cidaient des jeunes, dont deux jeunes filles visiblement \u00e9c\u0153ur\u00e9es.<\/p>\n<p>\u00ab\u00a0On vous rappelle que le Black Friday, \u00e7a pue\u00a0\u00bb, a explicit\u00e9 dans un long communiqu\u00e9 les responsables des \u00e9manations. L\u2019op\u00e9ration du mouvement \u00ab\u00a0Bloquons tout\u00a0\u00bb toujours actif, appelait \u00e0 s\u2019indigner des cons\u00e9quences de la p\u00e9riode consum\u00e9riste.<\/p>\n<p>\u00ab\u00a0Comme d\u2019habitude, les retomb\u00e9es ne b\u00e9n\u00e9ficient ni aux salari\u00e9s ni au public\u00a0: elles filent directement dans la poche des actionnaires d\u2019entreprises qui, m\u00eame dop\u00e9es aux aides publiques et gav\u00e9es de profits, refusent de partager quoi que ce soit avec nous\u00a0\u00bb, ont d\u00e9velopp\u00e9 les instigateurs de l\u2019op\u00e9ration, appelant \u00e0 s\u2019indigner d\u2019un manque d\u2019\u00e9tique et d\u2019impacts sur l\u2019environnement.<\/p>\n<p>\u00ab\u00a0Le Black Friday n\u2019a pas \u00e0 exister. Ce qui devrait exister, c\u2019est un syst\u00e8me qui respecte les travailleurs, prot\u00e8ge les plus vuln\u00e9rables et cesse de subventionner les yachts des ultra-riches\u00a0\u00bb, conclut leur communiqu\u00e9.<\/p>\n","protected":false},"excerpt":{"rendered":"\u00ab\u00a0\u00c7a pue la mort au centre commercial de la Part-Dieu\u00a0\u00bb, ont post\u00e9 des internautes choqu\u00e9s, ce samedi de&hellip;\n","protected":false},"author":2,"featured_media":567225,"comment_status":"","ping_status":"","sticky":false,"template":"","format":"standard","meta":{"footnotes":""},"categories":[1889],"tags":[1111,11,2430,4406,130,33,2757,1777,674,274,1011,27,2428,2756,12,25,2429],"class_list":{"0":"post-567224","1":"post","2":"type-post","3":"status-publish","4":"format-standard","5":"has-post-thumbnail","7":"category-lyon","8":"tag-actu","9":"tag-actualites","10":"tag-auvergne-rhone-alpes","11":"tag-commerce-et-services","12":"tag-consommation","13":"tag-economie","14":"tag-edition-lyon-villeurbanne","15":"tag-eu","16":"tag-europe","17":"tag-faits-divers-justice","18":"tag-fr","19":"tag-france","20":"tag-lyon","21":"tag-lyon-bassin","22":"tag-news","23":"tag-republique-francaise","24":"tag-rhone"},"share_on_mastodon":{"url":"https:\/\/pubeurope.com\/@fr\/115634488178445504","error":""},"_links":{"self":[{"href":"https:\/\/www.europesays.com\/fr\/wp-json\/wp\/v2\/posts\/567224","targetHints":{"allow":["GET"]}}],"collection":[{"href":"https:\/\/www.europesays.com\/fr\/wp-json\/wp\/v2\/posts"}],"about":[{"href":"https:\/\/www.europesays.com\/fr\/wp-json\/wp\/v2\/types\/post"}],"author":[{"embeddable":true,"href":"https:\/\/www.europesays.com\/fr\/wp-json\/wp\/v2\/users\/2"}],"replies":[{"embeddable":true,"href":"https:\/\/www.europesays.com\/fr\/wp-json\/wp\/v2\/comments?post=567224"}],"version-history":[{"count":0,"href":"https:\/\/www.europesays.com\/fr\/wp-json\/wp\/v2\/posts\/567224\/revisions"}],"wp:featuredmedia":[{"embeddable":true,"href":"https:\/\/www.europesays.com\/fr\/wp-json\/wp\/v2\/media\/567225"}],"wp:attachment":[{"href":"https:\/\/www.europesays.com\/fr\/wp-json\/wp\/v2\/media?parent=567224"}],"wp:term":[{"taxonomy":"category","embeddable":true,"href":"https:\/\/www.europesays.com\/fr\/wp-json\/wp\/v2\/categories?post=567224"},{"taxonomy":"post_tag","embeddable":true,"href":"https:\/\/www.europesays.com\/fr\/wp-json\/wp\/v2\/tags?post=567224"}],"curies":[{"name":"wp","href":"https:\/\/api.w.org\/{rel}","templated":true}]}}