{"id":567226,"date":"2025-11-29T18:51:36","date_gmt":"2025-11-29T18:51:36","guid":{"rendered":"https:\/\/www.europesays.com\/fr\/567226\/"},"modified":"2025-11-29T18:51:36","modified_gmt":"2025-11-29T18:51:36","slug":"quatre-fois-plus-de-loyers-impayes-en-ile-de-france-quand-les-locataires-sont-pris-a-la-gorge","status":"publish","type":"post","link":"https:\/\/www.europesays.com\/fr\/567226\/","title":{"rendered":"Quatre fois plus de loyers impay\u00e9s en \u00cele-de-France\u00a0: quand les locataires sont pris \u00e0 la gorge"},"content":{"rendered":"<p class=\"paragraph text_align_left lp-f-body-02\">Une \u00e9tude r\u00e9alis\u00e9e par le site Imodirect, une agence immobili\u00e8re en ligne, confirme que les impay\u00e9s de loyer ont \u00e9t\u00e9 en forte augmentation pendant la pand\u00e9mie et montre que, pr\u00e8s de cinq ans plus tard, le probl\u00e8me persiste. Avant le Covid, le taux d\u2019impay\u00e9s \u00e0 J + 30 (les relances trente jours apr\u00e8s la date de paiement) tournait autour de 0,89 %\u2026 contre 3,5 % en octobre 2025. Si la situation s\u2019est un peu am\u00e9lior\u00e9e depuis janvier, elle demeure tout de m\u00eame pr\u00e9occupante.<\/p>\n","protected":false},"excerpt":{"rendered":"Une \u00e9tude r\u00e9alis\u00e9e par le site Imodirect, une agence immobili\u00e8re en ligne, confirme que les impay\u00e9s de loyer&hellip;\n","protected":false},"author":2,"featured_media":567227,"comment_status":"","ping_status":"","sticky":false,"template":"","format":"standard","meta":{"footnotes":""},"categories":[1592],"tags":[1111,11,1777,674,1011,27,662,1116,12,626,25],"class_list":{"0":"post-567226","1":"post","2":"type-post","3":"status-publish","4":"format-standard","5":"has-post-thumbnail","7":"category-ile-de-france","8":"tag-actu","9":"tag-actualites","10":"tag-eu","11":"tag-europe","12":"tag-fr","13":"tag-france","14":"tag-ile-de-france","15":"tag-immobilier","16":"tag-news","17":"tag-paris","18":"tag-republique-francaise"},"share_on_mastodon":{"url":"https:\/\/pubeurope.com\/@fr\/115634496160144922","error":""},"_links":{"self":[{"href":"https:\/\/www.europesays.com\/fr\/wp-json\/wp\/v2\/posts\/567226","targetHints":{"allow":["GET"]}}],"collection":[{"href":"https:\/\/www.europesays.com\/fr\/wp-json\/wp\/v2\/posts"}],"about":[{"href":"https:\/\/www.europesays.com\/fr\/wp-json\/wp\/v2\/types\/post"}],"author":[{"embeddable":true,"href":"https:\/\/www.europesays.com\/fr\/wp-json\/wp\/v2\/users\/2"}],"replies":[{"embeddable":true,"href":"https:\/\/www.europesays.com\/fr\/wp-json\/wp\/v2\/comments?post=567226"}],"version-history":[{"count":0,"href":"https:\/\/www.europesays.com\/fr\/wp-json\/wp\/v2\/posts\/567226\/revisions"}],"wp:featuredmedia":[{"embeddable":true,"href":"https:\/\/www.europesays.com\/fr\/wp-json\/wp\/v2\/media\/567227"}],"wp:attachment":[{"href":"https:\/\/www.europesays.com\/fr\/wp-json\/wp\/v2\/media?parent=567226"}],"wp:term":[{"taxonomy":"category","embeddable":true,"href":"https:\/\/www.europesays.com\/fr\/wp-json\/wp\/v2\/categories?post=567226"},{"taxonomy":"post_tag","embeddable":true,"href":"https:\/\/www.europesays.com\/fr\/wp-json\/wp\/v2\/tags?post=567226"}],"curies":[{"name":"wp","href":"https:\/\/api.w.org\/{rel}","templated":true}]}}