{"id":567228,"date":"2025-11-29T18:52:12","date_gmt":"2025-11-29T18:52:12","guid":{"rendered":"https:\/\/www.europesays.com\/fr\/567228\/"},"modified":"2025-11-29T18:52:12","modified_gmt":"2025-11-29T18:52:12","slug":"le-siege-de-france-televisions-evacue-apres-une-alerte-a-la-bombe","status":"publish","type":"post","link":"https:\/\/www.europesays.com\/fr\/567228\/","title":{"rendered":"Le si\u00e8ge de France T\u00e9l\u00e9visions \u00e9vacu\u00e9 apr\u00e8s une alerte \u00e0 la bombe"},"content":{"rendered":"\n<p class=\"article__paragraph  \">Les locaux de France T\u00e9l\u00e9visions \u00e0 Paris ont \u00e9t\u00e9 \u00e9vacu\u00e9s samedi 29 novembre en fin d\u2019apr\u00e8s-midi en raison d\u2019une alerte \u00e0 la bombe,<a href=\"https:\/\/www.franceinfo.fr\/en-direct\/\/message\/692b24a54381edf3d19d95aa.html\" target=\"_blank\" rel=\"noopener\" title=\"Nouvelle fen\u00eatre\"> a annonc\u00e9<\/a> le groupe audiovisuel sur son site, perturbant l\u2019antenne de Franceinfo et le site Internet Franceinfo.fr.<\/p>\n<p class=\"article__paragraph  \">\u00ab\u00a0Les services de l\u2019Etat ont pr\u00e9venu l\u2019entreprise d\u2019une alerte \u00e0 la bombe, fait savoir Franceinfo sur son site. La police et une \u00e9quipe cynophile sont actuellement sur place pour une lev\u00e9e de doute.\u00a0\u00bb<\/p>\n<p class=\"article__paragraph  \">\u00ab\u00a0Aux alentours de 17 heures, un signalement a \u00e9t\u00e9 effectu\u00e9 concernant un engin explosif au si\u00e8ge de la chaine France T\u00e9l\u00e9visions. Par mesure de s\u00e9curit\u00e9, le responsable du m\u00e9dia a souhait\u00e9 l\u2019\u00e9vacuation du site\u00a0\u00bb, a de son c\u00f4t\u00e9 d\u00e9clar\u00e9 une source polici\u00e8re.<\/p>\n<p class=\"article__paragraph  \">L\u2019\u00e9vacuation a eu lieu peu apr\u00e8s 17 h 30. Vers 18 h 30, la lev\u00e9e de doute \u00e9tait toujours en cours dans le b\u00e2timent, situ\u00e9 dans le 15e arrondissement de Paris.<\/p>\n<p class=\"article__paragraph  \">Le 15 novembre, les locaux du groupe RMC BFM avaient eux aussi d\u00fb \u00eatre \u00e9vacu\u00e9s et les directs des antennes avaient \u00e9t\u00e9 interrompus plus de deux heures et demie en raison d\u2019une alerte \u00e0 la bombe finalement lev\u00e9e.<\/p>\n<p>   Lire plus tard  <\/p>\n<p class=\"author__detail\">  Le Monde avec AFP  <\/p>\n<p>L\u2019espace des contributions est r\u00e9serv\u00e9 aux abonn\u00e9s.<\/p>\n<p>Abonnez-vous pour acc\u00e9der \u00e0 cet espace d\u2019\u00e9change et contribuer \u00e0 la discussion.<\/p>\n<p>    <a href=\"https:\/\/abo.lemonde.fr\/?edi_medium=BOUTONS_LMFR&amp;edi_campaign=CONTRIBUTION_ARTICLE\" class=\"btn btn--premium js-btn-premium\" target=\"_blank\" rel=\"noopener\">S\u2019abonner<\/a>              <a href=\"https:\/\/www.lemonde.fr\/syndication\/\" class=\"reuse__content\" title=\"R\u00e9utiliser ce contenu\" target=\"_blank\" rel=\"noopener\">R\u00e9utiliser ce contenu<\/a>      <\/p>\n","protected":false},"excerpt":{"rendered":"Les locaux de France T\u00e9l\u00e9visions \u00e0 Paris ont \u00e9t\u00e9 \u00e9vacu\u00e9s samedi 29 novembre en fin d\u2019apr\u00e8s-midi en raison&hellip;\n","protected":false},"author":2,"featured_media":208381,"comment_status":"","ping_status":"","sticky":false,"template":"","format":"standard","meta":{"footnotes":""},"categories":[1888],"tags":[1111,1928,11,1927,1777,674,1011,27,12,1926,626,1925,25],"class_list":{"0":"post-567228","1":"post","2":"type-post","3":"status-publish","4":"format-standard","5":"has-post-thumbnail","7":"category-paris","8":"tag-actu","9":"tag-actu-paris","10":"tag-actualites","11":"tag-actualites-paris","12":"tag-eu","13":"tag-europe","14":"tag-fr","15":"tag-france","16":"tag-news","17":"tag-news-paris","18":"tag-paris","19":"tag-paris-news","20":"tag-republique-francaise"},"share_on_mastodon":{"url":"https:\/\/pubeurope.com\/@fr\/115634500174942381","error":""},"_links":{"self":[{"href":"https:\/\/www.europesays.com\/fr\/wp-json\/wp\/v2\/posts\/567228","targetHints":{"allow":["GET"]}}],"collection":[{"href":"https:\/\/www.europesays.com\/fr\/wp-json\/wp\/v2\/posts"}],"about":[{"href":"https:\/\/www.europesays.com\/fr\/wp-json\/wp\/v2\/types\/post"}],"author":[{"embeddable":true,"href":"https:\/\/www.europesays.com\/fr\/wp-json\/wp\/v2\/users\/2"}],"replies":[{"embeddable":true,"href":"https:\/\/www.europesays.com\/fr\/wp-json\/wp\/v2\/comments?post=567228"}],"version-history":[{"count":0,"href":"https:\/\/www.europesays.com\/fr\/wp-json\/wp\/v2\/posts\/567228\/revisions"}],"wp:featuredmedia":[{"embeddable":true,"href":"https:\/\/www.europesays.com\/fr\/wp-json\/wp\/v2\/media\/208381"}],"wp:attachment":[{"href":"https:\/\/www.europesays.com\/fr\/wp-json\/wp\/v2\/media?parent=567228"}],"wp:term":[{"taxonomy":"category","embeddable":true,"href":"https:\/\/www.europesays.com\/fr\/wp-json\/wp\/v2\/categories?post=567228"},{"taxonomy":"post_tag","embeddable":true,"href":"https:\/\/www.europesays.com\/fr\/wp-json\/wp\/v2\/tags?post=567228"}],"curies":[{"name":"wp","href":"https:\/\/api.w.org\/{rel}","templated":true}]}}