{"id":567229,"date":"2025-11-29T18:53:25","date_gmt":"2025-11-29T18:53:25","guid":{"rendered":"https:\/\/www.europesays.com\/fr\/567229\/"},"modified":"2025-11-29T18:53:25","modified_gmt":"2025-11-29T18:53:25","slug":"guerre-en-ukraine-zelensky-attendu-a-paris-et-lespace-aerien-moldave-ferme","status":"publish","type":"post","link":"https:\/\/www.europesays.com\/fr\/567229\/","title":{"rendered":"Guerre en Ukraine : Zelensky attendu \u00e0 Paris et l\u2019espace a\u00e9rien moldave ferm\u00e9"},"content":{"rendered":"<p class=\"mb-4 text-lg md:leading-8 break-words\"><strong>R\u00e9cap &#8211; \u00ab 20 Minutes \u00bb fait le point pour vous tous les soirs sur le conflit en Ukraine. Ce samedi, la journ\u00e9e a \u00e9t\u00e9 marqu\u00e9e par l\u2019annonce d\u2019une visite de Zelensky \u00e0 Paris lundi et par une incursion de drones dans l\u2019espace a\u00e9rien moldave<\/strong><\/p>\n<p class=\"mb-4 text-lg md:leading-8 break-words\">Vous avez rat\u00e9 les derniers \u00e9v\u00e9nements sur la <a href=\"https:\/\/www.20minutes.fr\/monde\/ukraine\/?at_medium=RSS%20feed&amp;at_campaign=ynews&amp;utm_source=yahoo&amp;utm_medium=rss&amp;utm_campaign=news_feed&amp;utm_content=in_article_link\" rel=\"nofollow noopener\" target=\"_blank\" data-ylk=\"slk:guerre en Ukraine;elm:context_link;itc:0;sec:content-canvas\" class=\"link \">guerre en Ukraine<\/a> ? 20 Minutes fait le point pour vous tous les soirs. Voici l\u2019essentiel de ce samedi 29 novembre, au 1.378e jour du conflit.<\/p>\n<p>Le fait du jour<\/p>\n<p class=\"mb-4 text-lg md:leading-8 break-words\">L\u2019Elys\u00e9e a annonc\u00e9 qu\u2019<a href=\"https:\/\/www.20minutes.fr\/politique\/emmanuel-macron\/?at_medium=RSS%20feed&amp;at_campaign=ynews&amp;utm_source=yahoo&amp;utm_medium=rss&amp;utm_campaign=news_feed&amp;utm_content=in_article_link\" rel=\"nofollow noopener\" target=\"_blank\" data-ylk=\"slk:Emmanuel Macron;elm:context_link;itc:0;sec:content-canvas\" class=\"link \">Emmanuel Macron<\/a> recevra <a href=\"https:\/\/www.20minutes.fr\/monde\/volodymyr-zelensky\/?at_medium=RSS%20feed&amp;at_campaign=ynews&amp;utm_source=yahoo&amp;utm_medium=rss&amp;utm_campaign=news_feed&amp;utm_content=in_article_link\" rel=\"nofollow noopener\" target=\"_blank\" data-ylk=\"slk:Volodymyr Zelensky;elm:context_link;itc:0;sec:content-canvas\" class=\"link \">Volodymyr Zelensky<\/a> lundi \u00e0 Paris, alors qu\u2019une \u00e9quipe de n\u00e9gociateurs ukrainiens est partie pour les Etats-Unis afin de discuter du <a href=\"https:\/\/www.20minutes.fr\/monde\/ukraine\/4188227-20251127-direct-guerre-ukraine-macron-attendu-futur-service-militaire-volontaire?at_medium=RSS%20feed&amp;at_campaign=ynews&amp;utm_source=yahoo&amp;utm_medium=rss&amp;utm_campaign=news_feed&amp;utm_content=in_article_link\" rel=\"nofollow noopener\" target=\"_blank\" data-ylk=\"slk:plan am\u00e9ricain;elm:context_link;itc:0;sec:content-canvas\" class=\"link \">plan am\u00e9ricain<\/a> visant \u00e0 mettre fin au conflit avec la Russie.<\/p>\n<p class=\"mb-4 text-lg md:leading-8 break-words\">\u00ab Les deux dirigeants \u00e9changeront sur la situation et sur les conditions d\u2019une paix juste et durable, dans la continuit\u00e9 des discussions de Gen\u00e8ve et du plan am\u00e9ricain et d\u2019une concertation \u00e9troite avec nos partenaires europ\u00e9ens. Ils feront \u00e9galement le point sur le travail engag\u00e9 sur les garanties de s\u00e9curit\u00e9 dans le cadre de la coalition des volontaires \u00bb, a indiqu\u00e9 la pr\u00e9sidence fran\u00e7aise.<\/p>\n<p>La d\u00e9claration du jour<\/p>\n<p class=\"mb-4 text-lg md:leading-8 break-words\">La Moldavie, qui partage une fronti\u00e8re avec l\u2019Ukraine, a ferm\u00e9 son espace a\u00e9rien pendant un peu plus d\u2019une heure ce samedi apr\u00e8s une nouvelle incursion de drones non identifi\u00e9s sur son territoire, a indiqu\u00e9 samedi son minist\u00e8re de la D\u00e9fense. Il a ajout\u00e9 que les drones de type Gerbera, un mod\u00e8le russe, n\u2019avaient pas \u00e9t\u00e9 d\u00e9tect\u00e9s par les radars moldaves, mais que leur incursion avait \u00e9t\u00e9 \u00ab confirm\u00e9e par les autorit\u00e9s frontali\u00e8res ukrainiennes \u00bb. \u00ab La Moldavie condamne fermement ces actions ill\u00e9gales et dangereuses, qui ont mis en danger la s\u00e9curit\u00e9 des vols civils et des vies humaines \u00bb, a d\u00e9clar\u00e9 le minist\u00e8re de la D\u00e9fense, qua(&#8230;)<\/p>\n<p class=\"mb-4 text-lg md:leading-8 break-words\"><a href=\"https:\/\/www.20minutes.fr\/monde\/ukraine\/4188735-20251129-guerre-ukraine-zelensky-attendu-paris-espace-aerien-moldave-ferme?at_medium=RSS%20feed&amp;at_campaign=ynews&amp;utm_source=yahoo&amp;utm_medium=rss&amp;utm_campaign=news_feed&amp;utm_content=read_more_link&quot;\" rel=\"nofollow noopener\" target=\"_blank\" data-ylk=\"slk:Lire la suite sur 20minutes;elm:context_link;itc:0;sec:content-canvas\" class=\"link \">Lire la suite sur 20minutes<\/a><\/p>\n<p>\u00c0 lire aussi :<br \/><a href=\"https:\/\/www.20minutes.fr\/monde\/ukraine\/4188702-20251129-guerre-ukraine-mort-600-000-personnes-privees-electricite-apres-frappes-kiev-nuit?at_medium=RSS%20feed&amp;at_campaign=ynews&amp;utm_source=yahoo&amp;utm_medium=rss&amp;utm_campaign=news_feed&amp;utm_content=related_content_link\" rel=\"nofollow noopener\" target=\"_blank\" data-ylk=\"slk:Guerre en Ukraine : Un mort et 600.000 personnes priv\u00e9es d\u2019\u00e9lectricit\u00e9 apr\u00e8s des frappes sur Kiev dans la nuit;elm:context_link;itc:0;sec:content-canvas\" class=\"link \">Guerre en Ukraine : Un mort et 600.000 personnes priv\u00e9es d\u2019\u00e9lectricit\u00e9 apr\u00e8s des frappes sur Kiev dans la nuit<\/a><br \/><a href=\"https:\/\/www.20minutes.fr\/monde\/russie\/4188640-20251128-guerre-ukraine-chute-homme-fort-zelensky-bravade-orban-ue?at_medium=RSS%20feed&amp;at_campaign=ynews&amp;utm_source=yahoo&amp;utm_medium=rss&amp;utm_campaign=news_feed&amp;utm_content=related_content_link\" rel=\"nofollow noopener\" target=\"_blank\" data-ylk=\"slk:Guerre en Ukraine : La chute de l\u2019homme fort de Zelensky et la bravade d\u2019Orban face \u00e0 l\u2019Europe;elm:context_link;itc:0;sec:content-canvas\" class=\"link \">Guerre en Ukraine : La chute de l\u2019homme fort de Zelensky et la bravade d\u2019Orban face \u00e0 l\u2019Europe<\/a><\/p>\n","protected":false},"excerpt":{"rendered":"R\u00e9cap &#8211; \u00ab 20 Minutes \u00bb fait le point pour vous tous les soirs sur le conflit en&hellip;\n","protected":false},"author":2,"featured_media":567230,"comment_status":"","ping_status":"","sticky":false,"template":"","format":"standard","meta":{"footnotes":""},"categories":[1888],"tags":[642,1111,1928,11,1927,39123,1777,674,1011,27,45221,1876,12,1926,626,1925,25,220,6746],"class_list":{"0":"post-567229","1":"post","2":"type-post","3":"status-publish","4":"format-standard","5":"has-post-thumbnail","7":"category-paris","8":"tag-20-minutes","9":"tag-actu","10":"tag-actu-paris","11":"tag-actualites","12":"tag-actualites-paris","13":"tag-espace-aerien","14":"tag-eu","15":"tag-europe","16":"tag-fr","17":"tag-france","18":"tag-garanties-de-securite","19":"tag-ministere-de-la-defense","20":"tag-news","21":"tag-news-paris","22":"tag-paris","23":"tag-paris-news","24":"tag-republique-francaise","25":"tag-ukraine","26":"tag-zelensky"},"share_on_mastodon":{"url":"https:\/\/pubeurope.com\/@fr\/115634503942085637","error":""},"_links":{"self":[{"href":"https:\/\/www.europesays.com\/fr\/wp-json\/wp\/v2\/posts\/567229","targetHints":{"allow":["GET"]}}],"collection":[{"href":"https:\/\/www.europesays.com\/fr\/wp-json\/wp\/v2\/posts"}],"about":[{"href":"https:\/\/www.europesays.com\/fr\/wp-json\/wp\/v2\/types\/post"}],"author":[{"embeddable":true,"href":"https:\/\/www.europesays.com\/fr\/wp-json\/wp\/v2\/users\/2"}],"replies":[{"embeddable":true,"href":"https:\/\/www.europesays.com\/fr\/wp-json\/wp\/v2\/comments?post=567229"}],"version-history":[{"count":0,"href":"https:\/\/www.europesays.com\/fr\/wp-json\/wp\/v2\/posts\/567229\/revisions"}],"wp:featuredmedia":[{"embeddable":true,"href":"https:\/\/www.europesays.com\/fr\/wp-json\/wp\/v2\/media\/567230"}],"wp:attachment":[{"href":"https:\/\/www.europesays.com\/fr\/wp-json\/wp\/v2\/media?parent=567229"}],"wp:term":[{"taxonomy":"category","embeddable":true,"href":"https:\/\/www.europesays.com\/fr\/wp-json\/wp\/v2\/categories?post=567229"},{"taxonomy":"post_tag","embeddable":true,"href":"https:\/\/www.europesays.com\/fr\/wp-json\/wp\/v2\/tags?post=567229"}],"curies":[{"name":"wp","href":"https:\/\/api.w.org\/{rel}","templated":true}]}}