{"id":567235,"date":"2025-11-29T18:56:32","date_gmt":"2025-11-29T18:56:32","guid":{"rendered":"https:\/\/www.europesays.com\/fr\/567235\/"},"modified":"2025-11-29T18:56:32","modified_gmt":"2025-11-29T18:56:32","slug":"au-coeur-de-la-russie-en-guerre-de-pierre-levy-ancien-ambassadeur-en-russie","status":"publish","type":"post","link":"https:\/\/www.europesays.com\/fr\/567235\/","title":{"rendered":"\u00abAu c\u0153ur de la Russie en guerre\u00bb de Pierre L\u00e9vy, ancien ambassadeur en Russie"},"content":{"rendered":"<p class=\"t-content__chapo\">\n                                                Il a assist\u00e9, aux premi\u00e8res loges, aux \u00e9v\u00e9nements qui ont conduit la Russie, en f\u00e9vrier 2022, \u00e0 lancer son \u00ab\u00a0op\u00e9ration militaire sp\u00e9ciale \u00bb, en d\u2019autres termes, l\u2019invasion de l\u2019Ukraine. Le diplomate, Pierre L\u00e9vy, revient sur son exp\u00e9rience d\u2019ambassadeur de France \u00e0 Moscou, en publiant : Au c\u0153ur de la Russie en guerre, un peu plus d\u2019un an apr\u00e8s avoir quitt\u00e9 ce poste. Pierre L\u00e9vy r\u00e9pond aux questions d\u2019Anastasia Becchio.                    <\/p>\n<p><img decoding=\"async\" fetchpriority=\"low\" src=\"https:\/\/www.europesays.com\/fr\/wp-content\/uploads\/2025\/11\/aucoeurRussie.jpg\"   width=\"1024\" height=\"576\" alt=\"\u00abAu c\u0153ur de la Russie en guerre\u00a0\u00bb de l' ancien ambassadeur de France de Pierre L\u00e9vy\" loading=\"eager\" class=\"a-img \"\/><\/p>\n<p>                \u00abAu c\u0153ur de la Russie en guerre\u00a0\u00bb de l&rsquo; ancien ambassadeur de France de Pierre L\u00e9vy                \u00a9 \u00c9ditions Tallandier            <\/p>\n<p><strong>Suivez\u00a0nos derni\u00e8res infos, <a href=\"https:\/\/www.rfi.fr\/fr\/tag\/ukraine\/\" target=\"_self\" rel=\"noopener\">reportages et \u00e9missions\u00a0sur la guerre en Ukraine<\/a><a href=\"https:\/\/www.rfi.fr\/fr\/tag\/ukraine\/\" target=\"_self\" rel=\"noopener\">\/Russie<\/a>.\u00a0<\/strong><\/p>\n","protected":false},"excerpt":{"rendered":"Il a assist\u00e9, aux premi\u00e8res loges, aux \u00e9v\u00e9nements qui ont conduit la Russie, en f\u00e9vrier 2022, \u00e0 lancer&hellip;\n","protected":false},"author":2,"featured_media":567236,"comment_status":"","ping_status":"","sticky":false,"template":"","format":"standard","meta":{"footnotes":""},"categories":[1591],"tags":[11,312,674,1887,3258,1380,12,1885,1886,132,220],"class_list":{"0":"post-567235","1":"post","2":"type-post","3":"status-publish","4":"format-standard","5":"has-post-thumbnail","7":"category-russie","8":"tag-actualites","9":"tag-diplomatie","10":"tag-europe","11":"tag-federation-de-russie","12":"tag-livre-international","13":"tag-livres","14":"tag-news","15":"tag-russia","16":"tag-russian-federation","17":"tag-russie","18":"tag-ukraine"},"share_on_mastodon":{"url":"https:\/\/pubeurope.com\/@fr\/115634517045793101","error":""},"_links":{"self":[{"href":"https:\/\/www.europesays.com\/fr\/wp-json\/wp\/v2\/posts\/567235","targetHints":{"allow":["GET"]}}],"collection":[{"href":"https:\/\/www.europesays.com\/fr\/wp-json\/wp\/v2\/posts"}],"about":[{"href":"https:\/\/www.europesays.com\/fr\/wp-json\/wp\/v2\/types\/post"}],"author":[{"embeddable":true,"href":"https:\/\/www.europesays.com\/fr\/wp-json\/wp\/v2\/users\/2"}],"replies":[{"embeddable":true,"href":"https:\/\/www.europesays.com\/fr\/wp-json\/wp\/v2\/comments?post=567235"}],"version-history":[{"count":0,"href":"https:\/\/www.europesays.com\/fr\/wp-json\/wp\/v2\/posts\/567235\/revisions"}],"wp:featuredmedia":[{"embeddable":true,"href":"https:\/\/www.europesays.com\/fr\/wp-json\/wp\/v2\/media\/567236"}],"wp:attachment":[{"href":"https:\/\/www.europesays.com\/fr\/wp-json\/wp\/v2\/media?parent=567235"}],"wp:term":[{"taxonomy":"category","embeddable":true,"href":"https:\/\/www.europesays.com\/fr\/wp-json\/wp\/v2\/categories?post=567235"},{"taxonomy":"post_tag","embeddable":true,"href":"https:\/\/www.europesays.com\/fr\/wp-json\/wp\/v2\/tags?post=567235"}],"curies":[{"name":"wp","href":"https:\/\/api.w.org\/{rel}","templated":true}]}}