{"id":567241,"date":"2025-11-29T18:59:16","date_gmt":"2025-11-29T18:59:16","guid":{"rendered":"https:\/\/www.europesays.com\/fr\/567241\/"},"modified":"2025-11-29T18:59:16","modified_gmt":"2025-11-29T18:59:16","slug":"au-royaume-uni-jeremy-corbyn-lance-un-nouveau-parti-socialiste-pour-attirer-les-decus-du-travailliste-starmer-liberation","status":"publish","type":"post","link":"https:\/\/www.europesays.com\/fr\/567241\/","title":{"rendered":"Au Royaume-Uni, Jeremy Corbyn lance un nouveau parti \u00absocialiste\u00bb pour attirer les d\u00e9\u00e7us du travailliste Starmer \u2013 Lib\u00e9ration"},"content":{"rendered":"<p class=\"sc-cPiKLX AiZTS text-element\">L\u2019objectif est d\u2019occuper un espace \u00e0 gauche et attirer les d\u00e9\u00e7us du gouvernement travailliste. <a href=\"https:\/\/www.liberation.fr\/checknews\/antisemitisme-quest-il-reproche-a-jeremy-corbyn-ex-leader-du-parti-travailliste-britannique-20220610_WMJB4L4ECRAQ5G7TTQOPEJQDTQ\/\" target=\"_blank\" rel=\"noreferrer noopener\" title=\"https:\/\/www.liberation.fr\/checknews\/antisemitisme-quest-il-reproche-a-jeremy-corbyn-ex-leader-du-parti-travailliste-britannique-20220610_WMJB4L4ECRAQ5G7TTQOPEJQDTQ\/\">Jeremy Corbyn<\/a> a affich\u00e9 son ambition de b\u00e2tir un \u00abnouveau parti socialiste d\u00e9mocratique\u00bb au Royaume-Uni, en ouverture ce samedi 29 novembre du congr\u00e8s inaugural de la formation qu\u2019il a cofond\u00e9e.<\/p>\n<p class=\"sc-cPiKLX AiZTS text-element\">\u00ab<a href=\"https:\/\/www.liberation.fr\/international\/europe\/au-royaume-uni-jeremy-corbyn-lance-un-nouveau-parti-20250724_DIACQ2PXXNE4NNK73ZXL2ORKSM\/\" target=\"_blank\" rel=\"noreferrer noopener\" title=\"https:\/\/www.liberation.fr\/international\/europe\/au-royaume-uni-jeremy-corbyn-lance-un-nouveau-parti-20250724_DIACQ2PXXNE4NNK73ZXL2ORKSM\/\">Notre mouvement<\/a> est un mouvement pour la justice, l\u2019\u00e9galit\u00e9 et la durabilit\u00e9 environnementale\u00bb, a lanc\u00e9, devant plusieurs milliers de militants r\u00e9unis \u00e0 Liverpool, dans le nord de l\u2019Angleterre, l\u2019ex-dirigeant du Labour et v\u00e9t\u00e9ran de la gauche britannique.<\/p>\n<p class=\"sc-cPiKLX AiZTS text-element\">Depuis l\u2019\u00e9lection l\u00e9gislative qui a port\u00e9 le Labour de Keir Starmer au pouvoir en juillet 2024, le paysage politique britannique est en pleine recomposition, avec la mont\u00e9e en puissance des lib\u00e9raux-d\u00e9mocrates (centre), des Verts (gauche) et de <a href=\"https:\/\/www.liberation.fr\/international\/europe\/au-royaume-uni-lextreme-droite-britannique-progresse-apres-des-elections-locales-20250502_TAR6QVL42BET5HGERCGX5N2C7U\/\" target=\"_blank\" rel=\"noreferrer noopener\" title=\"https:\/\/www.liberation.fr\/international\/europe\/au-royaume-uni-lextreme-droite-britannique-progresse-apres-des-elections-locales-20250502_TAR6QVL42BET5HGERCGX5N2C7U\/\">la formation d\u2019extr\u00eame droite Reform UK<\/a>.<\/p>\n<p class=\"sc-cPiKLX AiZTS text-element\">Pour entrer \u00e0 Downing Street, Keir Starmer a recentr\u00e9 le parti travailliste, une strat\u00e9gie qui ouvre des perspectives pour Jeremy Corbyn, 76 ans, marginalis\u00e9 depuis son d\u00e9part du Labour en 2020. \u00abLes gens ont d\u00e9sesp\u00e9r\u00e9ment besoin d\u2019une vraie alternative \u00e0 la mont\u00e9e de l\u2019extr\u00eame droite\u00bb, juge Shockat Adam, un d\u00e9put\u00e9 ind\u00e9pendant alli\u00e9 de Corbyn, au moment o\u00f9 le parti d\u2019extr\u00eame droite Reform UK, dirig\u00e9 par l\u2019ex-promoteur du Brexit <a href=\"https:\/\/www.liberation.fr\/international\/europe\/propos-racistes-et-antisemites-la-difficile-defense-de-nigel-farage-accable-par-les-accusations-danciens-camarades-20251126_Z65WSR57ZNBEFJJ2E67IINIRHI\/\" target=\"_blank\" rel=\"noreferrer noopener\" title=\"https:\/\/www.liberation.fr\/international\/europe\/propos-racistes-et-antisemites-la-difficile-defense-de-nigel-farage-accable-par-les-accusations-danciens-camarades-20251126_Z65WSR57ZNBEFJJ2E67IINIRHI\/\">Nigel Farage<\/a>, s\u2019affiche en t\u00eate des sondages sur les intentions de vote.<\/p>\n<p class=\"sc-cPiKLX AiZTS text-element\">\u00abFarage, le banquier de la City, n\u2019est pas l\u2019ami des travailleurs\u00bb, a notamment lanc\u00e9 Jeremy Corbyn samedi. Il a \u00e9galement re\u00e7u une large ovation lorsqu\u2019il a d\u00e9nonc\u00e9 le \u00abg\u00e9nocide\u00bb contre les Palestiniens \u00e0 Gaza et accus\u00e9 <a href=\"https:\/\/www.liberation.fr\/international\/europe\/royaume-uni-shabana-mahmood-la-travailliste-qui-rogne-sur-le-droit-dasile-20251117_I62Z62T3H5GPRPXOOCAQD7L3FA\/\" target=\"_blank\" rel=\"noreferrer noopener\" title=\"https:\/\/www.liberation.fr\/international\/europe\/royaume-uni-shabana-mahmood-la-travailliste-qui-rogne-sur-le-droit-dasile-20251117_I62Z62T3H5GPRPXOOCAQD7L3FA\/\">le gouvernement de Keir Starmer<\/a> d\u2019en \u00eatre \u00abcomplice\u00bb.<\/p>\n<p class=\"sc-cPiKLX AiZTS text-element\">Ce nouveau parti &#8211; pour l\u2019instant nomm\u00e9 \u00abYour Party\u00bb &#8211; a \u00e9t\u00e9 annonc\u00e9 en juillet par Zarah Sultana, ex-d\u00e9put\u00e9e Labour de 32 ans et Jeremy Corbyn, qui a dirig\u00e9 le parti travailliste de 2015 \u00e0 2020, mais qui a d\u00fb d\u00e9missionner apr\u00e8s la d\u00e9faite historique du Labour aux l\u00e9gislatives de 2019.<\/p>\n<p class=\"sc-cPiKLX AiZTS text-element\">Mais les d\u00e9buts s\u2019av\u00e8rent chaotiques, avec des tensions internes qui s\u2019\u00e9talent sur la place publique. Samedi, Jeremy Corbyn, d\u00e9sormais d\u00e9put\u00e9 ind\u00e9pendant dans sa circonscription londonienne, a appel\u00e9 \u00e0 l\u2019unit\u00e9 les 50 000 membres de \u00abYour Party\u00bb, \u00abparce que la division ne servira pas les int\u00e9r\u00eats des gens que nous voulons repr\u00e9senter\u00bb.<\/p>\n<p class=\"sc-cPiKLX AiZTS text-element\">Peu apr\u00e8s, un porte-parole de Zarah Sultana a d\u00e9nonc\u00e9 une \u00abchasse aux sorci\u00e8res\u00bb, apr\u00e8s que certains de ses partisans ont annonc\u00e9 avoir \u00e9t\u00e9 exclus du congr\u00e8s. Et a annonc\u00e9 que la d\u00e9put\u00e9e n\u2019entrerait pas dans la salle du congr\u00e8s samedi. Lors du week-end, les militants devront choisir le nom d\u00e9finitif du parti et d\u00e9cider de porter \u00e0 sa t\u00eate un leader unique ou une direction collective.<\/p>\n<p class=\"sc-cPiKLX AiZTS text-element\">Malgr\u00e9 les d\u00e9boires du gouvernement travailliste et les voix dissonantes croissantes au sein de son aile gauche, seuls 12 % des \u00e9lecteurs affirment qu\u2019ils pourraient \u00abenvisager de voter\u00bb pour \u00abYour Party\u00bb, contre 29 % pour le Green Party, selon un sondage YouGov publi\u00e9 cette semaine.<\/p>\n<p class=\"sc-cPiKLX AiZTS text-element\">Ce dernier, men\u00e9 depuis septembre par Zack Polanski, 31 ans, ne cesse de grimper dans les sondages. Polanski, omnipr\u00e9sent sur les r\u00e9seaux sociaux, a \u00abpris la place\u00bb de Jeremy Corbyn pour \u00abincarner la voix [\u2026] de la gauche radicale\u00bb, explique Colm Murphy, sp\u00e9cialiste de la gauche britannique \u00e0 l\u2019universit\u00e9 Queen Mary de Londres.<\/p>\n<p class=\"sc-cPiKLX AiZTS text-element\">Le gouvernement Starmer, qui a suscit\u00e9 le m\u00e9contentement dans son camp en s\u2019attaquant \u00e0 certaines aides sociales, a annonc\u00e9 cette semaine dans son budget une hausse du salaire minimum et des allocations familiales. \u00abNous devrions faire beaucoup plus pour conserver nos soutiens traditionnels\u00bb, regrette le d\u00e9put\u00e9 travailliste Steve Witherden.<\/p>\n","protected":false},"excerpt":{"rendered":"L\u2019objectif est d\u2019occuper un espace \u00e0 gauche et attirer les d\u00e9\u00e7us du gouvernement travailliste. Jeremy Corbyn a affich\u00e9&hellip;\n","protected":false},"author":2,"featured_media":567242,"comment_status":"","ping_status":"","sticky":false,"template":"","format":"standard","meta":{"footnotes":""},"categories":[1588],"tags":[11,1777,674,2581,12,473,1853,1851,1850,1852],"class_list":{"0":"post-567241","1":"post","2":"type-post","3":"status-publish","4":"format-standard","5":"has-post-thumbnail","7":"category-royaume-uni","8":"tag-actualites","9":"tag-eu","10":"tag-europe","11":"tag-keir-starmer","12":"tag-news","13":"tag-royaume-uni","14":"tag-royaume-uni-de-grande-bretagne-et-dirlande-du-nord","15":"tag-uk","16":"tag-united-kingdom","17":"tag-united-kingdom-of-great-britain-and-northern-ireland"},"share_on_mastodon":{"url":"https:\/\/pubeurope.com\/@fr\/115634527690632538","error":""},"_links":{"self":[{"href":"https:\/\/www.europesays.com\/fr\/wp-json\/wp\/v2\/posts\/567241","targetHints":{"allow":["GET"]}}],"collection":[{"href":"https:\/\/www.europesays.com\/fr\/wp-json\/wp\/v2\/posts"}],"about":[{"href":"https:\/\/www.europesays.com\/fr\/wp-json\/wp\/v2\/types\/post"}],"author":[{"embeddable":true,"href":"https:\/\/www.europesays.com\/fr\/wp-json\/wp\/v2\/users\/2"}],"replies":[{"embeddable":true,"href":"https:\/\/www.europesays.com\/fr\/wp-json\/wp\/v2\/comments?post=567241"}],"version-history":[{"count":0,"href":"https:\/\/www.europesays.com\/fr\/wp-json\/wp\/v2\/posts\/567241\/revisions"}],"wp:featuredmedia":[{"embeddable":true,"href":"https:\/\/www.europesays.com\/fr\/wp-json\/wp\/v2\/media\/567242"}],"wp:attachment":[{"href":"https:\/\/www.europesays.com\/fr\/wp-json\/wp\/v2\/media?parent=567241"}],"wp:term":[{"taxonomy":"category","embeddable":true,"href":"https:\/\/www.europesays.com\/fr\/wp-json\/wp\/v2\/categories?post=567241"},{"taxonomy":"post_tag","embeddable":true,"href":"https:\/\/www.europesays.com\/fr\/wp-json\/wp\/v2\/tags?post=567241"}],"curies":[{"name":"wp","href":"https:\/\/api.w.org\/{rel}","templated":true}]}}