{"id":567245,"date":"2025-11-29T19:02:20","date_gmt":"2025-11-29T19:02:20","guid":{"rendered":"https:\/\/www.europesays.com\/fr\/567245\/"},"modified":"2025-11-29T19:02:20","modified_gmt":"2025-11-29T19:02:20","slug":"zelensky-a-toute-la-legitimite-pour-conduire-lukraine-vers-la-paix","status":"publish","type":"post","link":"https:\/\/www.europesays.com\/fr\/567245\/","title":{"rendered":"\u00ab Zelensky a toute la l\u00e9gitimit\u00e9 pour conduire l\u2019Ukraine vers la paix\u202f\u00bb"},"content":{"rendered":"<p><strong>LA TRIBUNE DIMANCHE \u2014 Les \u00c9tats-Unis ont transmis \u00e0 la Russie une nouvelle mouture du plan de r\u00e8glement du conflit apr\u00e8s les discussions avec les Ukrainiens \u00e0 Gen\u00e8ve. Les Europ\u00e9ens ont-ils \u00e9t\u00e9 inform\u00e9s de son contenu\u2009?\u00a0<\/strong><\/p>\n<p><strong>JEAN-NO\u00cbL BARROT \u2014 <\/strong>Les Europ\u00e9ens n\u2019ont m\u00e9nag\u00e9 aucun effort pour peser sur les discussions avec une seule obsession\u2009: <a href=\"https:\/\/www.google.com\/url?client=internal-element-cse&amp;cx=7224492ce357c42ad&amp;q=https:\/\/www.latribune.fr\/article\/economie\/international\/1433803353961514\/plan-americain-pour-l-ukraine-kiev-salue-des-avancees&amp;sa=U&amp;ved=2ahUKEwjYh8zD65eRAxVKKvsDHaB1PD4QFnoECAQQAg&amp;usg=AOvVaw0rhJ_ohYvOfjfg_zhhaXB9\" target=\"_blank\" rel=\"noopener\">la paix pour l\u2019Ukraine<\/a> et la s\u00e9curit\u00e9 pour l\u2019Europe. Et notre mobilisation a pay\u00e9. Dans la foul\u00e9e de la pr\u00e9sentation de leur plan de paix en 28 points, nous avons obtenu des \u00c9tats-Unis qu\u2019ils concr\u00e9tisent pour la premi\u00e8re fois leur intention de contribuer aux garanties de s\u00e9curit\u00e9 que nous pr\u00e9parons depuis des mois.<\/p>\n<p>Nous nous sommes par ailleurs assur\u00e9s que ce qui rel\u00e8ve de d\u00e9cisions europ\u00e9ennes ne puisse en aucun cas \u00eatre act\u00e9 sans nous. Cela vaut pour le processus d\u2019adh\u00e9sion de l\u2019Ukraine \u00e0 l\u2019Union europ\u00e9enne, pour les actifs russes immobilis\u00e9s en Europe, pour la r\u00e9int\u00e9gration de la Russie au G7, ou encore, et surtout, pour la s\u00e9curit\u00e9 europ\u00e9enne. Nous accueillerons d\u00e8s lundi 1er d\u00e9cembre le pr\u00e9sident <a href=\"https:\/\/www.google.com\/url?client=internal-element-cse&amp;cx=7224492ce357c42ad&amp;q=https:\/\/www.latribune.fr\/article\/la-tribune-dimanche\/dans-le-monde\/90629571061576\/guerre-en-ukraine-volodymyr-zelensky-sera-recu-lundi-a-paris-par-emmanuel-macron&amp;sa=U&amp;ved=2ahUKEwi3uZvo65eRAxW3QkEAHeaPJiQQFnoECAYQAg&amp;usg=AOvVaw2Rr0Uh3YApa1KD-iVZCbvl\" target=\"_blank\" rel=\"noopener\">Zelensky \u00e0 Paris<\/a> pour faire avancer les n\u00e9gociations. La paix est \u00e0 port\u00e9e de main, si toutefois Vladimir Poutine renonce \u00e0 l\u2019espoir fou de reconstituer l\u2019Empire sovi\u00e9tique en commen\u00e7ant par soumettre l\u2019Ukraine. L\u2019Ukraine appartient aux Ukrainiens et \u00e0 eux seuls.<\/p>\n","protected":false},"excerpt":{"rendered":"LA TRIBUNE DIMANCHE \u2014 Les \u00c9tats-Unis ont transmis \u00e0 la Russie une nouvelle mouture du plan de r\u00e8glement&hellip;\n","protected":false},"author":2,"featured_media":567246,"comment_status":"","ping_status":"","sticky":false,"template":"","format":"standard","meta":{"footnotes":""},"categories":[1586],"tags":[17,11,3694,21558,12070,29131,1777,674,1011,27,6286,1808,5493,3102,68233,3784,12,2403,25,6746],"class_list":{"0":"post-567245","1":"post","2":"type-post","3":"status-publish","4":"format-standard","5":"has-post-thumbnail","7":"category-europe","8":"tag-17","9":"tag-actualites","10":"tag-affaires","11":"tag-barrot","12":"tag-conduire","13":"tag-etrangeres","14":"tag-eu","15":"tag-europe","16":"tag-fr","17":"tag-france","18":"tag-jean-noel","19":"tag-leurope","20":"tag-lukraine","21":"tag-la-tribune-dimanche","22":"tag-legitimite","23":"tag-ministre","24":"tag-news","25":"tag-paix","26":"tag-republique-francaise","27":"tag-zelensky"},"share_on_mastodon":{"url":"https:\/\/pubeurope.com\/@fr\/115634539358371056","error":""},"_links":{"self":[{"href":"https:\/\/www.europesays.com\/fr\/wp-json\/wp\/v2\/posts\/567245","targetHints":{"allow":["GET"]}}],"collection":[{"href":"https:\/\/www.europesays.com\/fr\/wp-json\/wp\/v2\/posts"}],"about":[{"href":"https:\/\/www.europesays.com\/fr\/wp-json\/wp\/v2\/types\/post"}],"author":[{"embeddable":true,"href":"https:\/\/www.europesays.com\/fr\/wp-json\/wp\/v2\/users\/2"}],"replies":[{"embeddable":true,"href":"https:\/\/www.europesays.com\/fr\/wp-json\/wp\/v2\/comments?post=567245"}],"version-history":[{"count":0,"href":"https:\/\/www.europesays.com\/fr\/wp-json\/wp\/v2\/posts\/567245\/revisions"}],"wp:featuredmedia":[{"embeddable":true,"href":"https:\/\/www.europesays.com\/fr\/wp-json\/wp\/v2\/media\/567246"}],"wp:attachment":[{"href":"https:\/\/www.europesays.com\/fr\/wp-json\/wp\/v2\/media?parent=567245"}],"wp:term":[{"taxonomy":"category","embeddable":true,"href":"https:\/\/www.europesays.com\/fr\/wp-json\/wp\/v2\/categories?post=567245"},{"taxonomy":"post_tag","embeddable":true,"href":"https:\/\/www.europesays.com\/fr\/wp-json\/wp\/v2\/tags?post=567245"}],"curies":[{"name":"wp","href":"https:\/\/api.w.org\/{rel}","templated":true}]}}