{"id":56725,"date":"2025-04-27T11:40:11","date_gmt":"2025-04-27T11:40:11","guid":{"rendered":"https:\/\/www.europesays.com\/fr\/56725\/"},"modified":"2025-04-27T11:40:11","modified_gmt":"2025-04-27T11:40:11","slug":"le-concert-de-jul-au-stade-de-france-bat-le-record-daffluence-de-lenceinte-avec-pres-de-98-000-personnes","status":"publish","type":"post","link":"https:\/\/www.europesays.com\/fr\/56725\/","title":{"rendered":"le concert de Jul au Stade de France bat le record d\u2019affluence de l\u2019enceinte avec pr\u00e8s de 98 000 personnes"},"content":{"rendered":"<p>Du jamais vu : le 26 avril dernier, Jul rassemblait 97 816 personnes dans l\u2019antre du Stade de France \u00e0 Saint-Denis \u00e0 Paris, d\u00e9crochant le record historique d\u2019affluence de l\u2019enceinte. Si le chanteur marseillais annon\u00e7ait d\u00e9j\u00e0 l\u2019information sur sc\u00e8ne, c\u2019est le Stade de France lui-m\u00eame qui a confirm\u00e9 l\u2019exploit au lendemain du concert.<\/p>\n<p>Le record \u00e9tait pr\u00e9c\u00e9demment d\u00e9tenu par le groupe Indochine (97.036 fans le 21 mai 2022) juste devant U2 (96.540 fans le 18 septembre 2010). En avril 2024, l\u2019enti\u00e8ret\u00e9 des tickets pour le show de Jul s\u2019\u00e9tait \u00e9coul\u00e9e en l\u2019espace de quelques minutes.<\/p>\n<p>En plus des fans pr\u00e9sents physiquement, les moins chanceux n\u2019ayant pas pu se procurer de tickets ont pu assister virtuellement au concert via un livestream payant (10 euros l\u2019acc\u00e8s) pour suivre l\u2019\u00e9v\u00e9nement depuis chez eux.\u00a0<\/p>\n<p>Le prochain chapitre de l\u2019histoire s\u2019\u00e9crira \u00e0 domicile, les 23 et 24 mai prochains, dans l\u2019antre du V\u00e9lodrome de Marseille, ultra-complet pour l\u2019occasion, sans surprise.<\/p>\n","protected":false},"excerpt":{"rendered":"Du jamais vu : le 26 avril dernier, Jul rassemblait 97 816 personnes dans l\u2019antre du Stade de&hellip;\n","protected":false},"author":2,"featured_media":56726,"comment_status":"","ping_status":"","sticky":false,"template":"","format":"standard","meta":{"footnotes":""},"categories":[4],"tags":[11,1011,27,12,1970,25],"class_list":{"0":"post-56725","1":"post","2":"type-post","3":"status-publish","4":"format-standard","5":"has-post-thumbnail","7":"category-france","8":"tag-actualites","9":"tag-fr","10":"tag-france","11":"tag-news","12":"tag-pop-culture","13":"tag-republique-francaise"},"share_on_mastodon":{"url":"https:\/\/pubeurope.com\/@fr\/114409742349445933","error":""},"_links":{"self":[{"href":"https:\/\/www.europesays.com\/fr\/wp-json\/wp\/v2\/posts\/56725","targetHints":{"allow":["GET"]}}],"collection":[{"href":"https:\/\/www.europesays.com\/fr\/wp-json\/wp\/v2\/posts"}],"about":[{"href":"https:\/\/www.europesays.com\/fr\/wp-json\/wp\/v2\/types\/post"}],"author":[{"embeddable":true,"href":"https:\/\/www.europesays.com\/fr\/wp-json\/wp\/v2\/users\/2"}],"replies":[{"embeddable":true,"href":"https:\/\/www.europesays.com\/fr\/wp-json\/wp\/v2\/comments?post=56725"}],"version-history":[{"count":0,"href":"https:\/\/www.europesays.com\/fr\/wp-json\/wp\/v2\/posts\/56725\/revisions"}],"wp:featuredmedia":[{"embeddable":true,"href":"https:\/\/www.europesays.com\/fr\/wp-json\/wp\/v2\/media\/56726"}],"wp:attachment":[{"href":"https:\/\/www.europesays.com\/fr\/wp-json\/wp\/v2\/media?parent=56725"}],"wp:term":[{"taxonomy":"category","embeddable":true,"href":"https:\/\/www.europesays.com\/fr\/wp-json\/wp\/v2\/categories?post=56725"},{"taxonomy":"post_tag","embeddable":true,"href":"https:\/\/www.europesays.com\/fr\/wp-json\/wp\/v2\/tags?post=56725"}],"curies":[{"name":"wp","href":"https:\/\/api.w.org\/{rel}","templated":true}]}}