{"id":567251,"date":"2025-11-29T19:06:14","date_gmt":"2025-11-29T19:06:14","guid":{"rendered":"https:\/\/www.europesays.com\/fr\/567251\/"},"modified":"2025-11-29T19:06:14","modified_gmt":"2025-11-29T19:06:14","slug":"le-siege-de-france-televisions-brievement-evacue-apres-une-alerte-a-la-bombe","status":"publish","type":"post","link":"https:\/\/www.europesays.com\/fr\/567251\/","title":{"rendered":"le si\u00e8ge de France T\u00e9l\u00e9visions bri\u00e8vement \u00e9vacu\u00e9 apr\u00e8s une alerte \u00e0 la bombe"},"content":{"rendered":"<p>\n    La police et une \u00e9quipe cynophile ont \u00e9t\u00e9 envoy\u00e9es sur place. \u00c0 l\u2019issue de ces v\u00e9rifications, les salari\u00e9s ont \u00e9t\u00e9 autoris\u00e9s \u00e0 regagner le b\u00e2timent, d\u2019apr\u00e8s un porte-parole du groupe.<\/p>\n<p class=\"fig-paragraph\">Les \u00e9quipes de France T\u00e9l\u00e9visions, dont le si\u00e8ge est install\u00e9 dans le 15e arrondissement de Paris, ont \u00e9t\u00e9 \u00e9vacu\u00e9es ce samedi en fin d\u2019apr\u00e8s-midi apr\u00e8s avoir \u00e9t\u00e9 pr\u00e9venues par les autorit\u00e9s d\u2019une alerte \u00e0 la bombe, qui a finalement \u00e9t\u00e9 lev\u00e9e en d\u00e9but de soir\u00e9e. La cha\u00eene franceinfo et le site internet franceinfo.fr ont \u00e9t\u00e9 perturb\u00e9s.<\/p>\n<p class=\"fig-paragraph\">\u00abLa police et une \u00e9quipe cynophile sont actuellement sur place pour une lev\u00e9e de doute\u00bb, indiquait\u00a0<a href=\"https:\/\/www.franceinfo.fr\/economie\/medias\/france-televisions\/le-siege-parisien-de-france-televisions-evacue-apres-une-alerte-a-la-bombe_7647974.html\" target=\"_blank\" rel=\"sponsored noopener\" data-gtm-custom-categorie=\"navigation\" data-gtm-custom-action=\"crossclick\" data-gtm-custom-label=\"Contextuel\" data-gtm-event=\"customEventSPE\">Franceinfo sur son site<\/a>. \u00abAux alentours de 17h00, un signalement a \u00e9t\u00e9 effectu\u00e9 concernant un engin explosif au si\u00e8ge de la cha\u00eene France T\u00e9l\u00e9visions. Par mesure de s\u00e9curit\u00e9, le responsable du m\u00e9dia a souhait\u00e9 l\u2019\u00e9vacuation du site\u00bb, a de son c\u00f4t\u00e9 indiqu\u00e9 une source polici\u00e8re. Peu apr\u00e8s 19 heures, les salari\u00e9s ont \u00e9t\u00e9 autoris\u00e9s \u00e0 regagner le b\u00e2timent, d\u2019apr\u00e8s un porte-parole du groupe.<\/p>\n<p>                                            <a class=\"fig-a11y-skip\" href=\"#fig-a11y-skip-main-inarticle\" data-module=\"a11y-skip\" data-context=\"was @visible\"><br \/>\n    Passer la publicit\u00e9<br \/>\n<\/a>            <\/p>\n<p class=\"fig-paragraph\">Deux semaines plus t\u00f4t,\u00a0<a href=\"https:\/\/video.lefigaro.fr\/tvmag\/programme-tv\/actu-tele\/paris-la-redaction-de-bfmtv-evacuee-apres-une-alerte-a-la-bombe-20251115\" target=\"_blank\" data-fig-type=\"Video\" rel=\"sponsored noopener\" data-gtm-custom-categorie=\"navigation\" data-gtm-custom-action=\"crossclick\" data-gtm-custom-label=\"Contextuel\" data-gtm-event=\"customEventSPE\" data-fig-domain=\"TVMAG\">la r\u00e9daction de BFMTV et RMC<\/a>, install\u00e9e non loin de France T\u00e9l\u00e9visions, avait d\u00e9j\u00e0 d\u00fb \u00eatre \u00e9vacu\u00e9e \u00e0 la suite d\u2019une alerte \u00e0 la bombe. Les programmes avaient \u00e9t\u00e9 interrompus le temps que les forces de l\u2019ordre proc\u00e8dent \u00e0 la lev\u00e9e de doute. Les directs des antennes avaient \u00e9t\u00e9 interrompus plus de deux heures et demie. Les \u00e9quipes avaient pu rejoindre les locaux sans qu\u2019un objet suspect n\u2019ait \u00e9t\u00e9 d\u00e9couvert.<\/p>\n","protected":false},"excerpt":{"rendered":"La police et une \u00e9quipe cynophile ont \u00e9t\u00e9 envoy\u00e9es sur place. \u00c0 l\u2019issue de ces v\u00e9rifications, les salari\u00e9s&hellip;\n","protected":false},"author":2,"featured_media":567252,"comment_status":"","ping_status":"","sticky":false,"template":"","format":"standard","meta":{"footnotes":""},"categories":[4],"tags":[11,10489,1011,27,12,25],"class_list":{"0":"post-567251","1":"post","2":"type-post","3":"status-publish","4":"format-standard","5":"has-post-thumbnail","7":"category-france","8":"tag-actualites","9":"tag-bombe","10":"tag-fr","11":"tag-france","12":"tag-news","13":"tag-republique-francaise"},"share_on_mastodon":{"url":"https:\/\/pubeurope.com\/@fr\/115634555187231179","error":""},"_links":{"self":[{"href":"https:\/\/www.europesays.com\/fr\/wp-json\/wp\/v2\/posts\/567251","targetHints":{"allow":["GET"]}}],"collection":[{"href":"https:\/\/www.europesays.com\/fr\/wp-json\/wp\/v2\/posts"}],"about":[{"href":"https:\/\/www.europesays.com\/fr\/wp-json\/wp\/v2\/types\/post"}],"author":[{"embeddable":true,"href":"https:\/\/www.europesays.com\/fr\/wp-json\/wp\/v2\/users\/2"}],"replies":[{"embeddable":true,"href":"https:\/\/www.europesays.com\/fr\/wp-json\/wp\/v2\/comments?post=567251"}],"version-history":[{"count":0,"href":"https:\/\/www.europesays.com\/fr\/wp-json\/wp\/v2\/posts\/567251\/revisions"}],"wp:featuredmedia":[{"embeddable":true,"href":"https:\/\/www.europesays.com\/fr\/wp-json\/wp\/v2\/media\/567252"}],"wp:attachment":[{"href":"https:\/\/www.europesays.com\/fr\/wp-json\/wp\/v2\/media?parent=567251"}],"wp:term":[{"taxonomy":"category","embeddable":true,"href":"https:\/\/www.europesays.com\/fr\/wp-json\/wp\/v2\/categories?post=567251"},{"taxonomy":"post_tag","embeddable":true,"href":"https:\/\/www.europesays.com\/fr\/wp-json\/wp\/v2\/tags?post=567251"}],"curies":[{"name":"wp","href":"https:\/\/api.w.org\/{rel}","templated":true}]}}