{"id":567259,"date":"2025-11-29T19:10:24","date_gmt":"2025-11-29T19:10:24","guid":{"rendered":"https:\/\/www.europesays.com\/fr\/567259\/"},"modified":"2025-11-29T19:10:24","modified_gmt":"2025-11-29T19:10:24","slug":"atp-griekspoor-25e-mondial-recadre-par-un-ministre-il-nest-pas-interdit-de-participer-a-des-tournois-en-russie-mais-je-lexhorte-a-ne-pas-le-faire-il-faut-tenir-compte-des-as","status":"publish","type":"post","link":"https:\/\/www.europesays.com\/fr\/567259\/","title":{"rendered":"ATP > Griekspoor, 25e mondial, recadr\u00e9 par un ministre : \u00ab\u00a0Il n\u2019est pas interdit de participer \u00e0 des tournois en Russie, mais je l\u2019exhorte \u00e0 ne pas le faire. Il faut tenir compte des aspects moraux\u00a0\u00bb"},"content":{"rendered":"<p>En couple, le N\u00e9erlandais Tallon Griekspoor et la Russe Anastasia Potapova (51e mondiale) doivent parti\u00adciper ce week\u2010end \u00e0 un tournoi d\u2019exhibition \u00e0 Saint\u2010P\u00e9tersbourg, aux c\u00f4t\u00e9s selon <a href=\"https:\/\/www.lequipe.fr\/Tennis\/Actualites\/La-participation-de-tallon-griekspoor-a-une-exhibition-en-russie-crispe-les-pays-bas\/1612899\" data-wpel-link=\"external\" target=\"_blank\" rel=\"nofollow external noopener\">L\u2019Equipe<\/a> du Kazakh Alexander Bublik, n\u00e9 en Russie, et de la Russe Diana Shnaider.<\/p>\n<p>Un choix qui fait vive\u00adment r\u00e9agir aux Pays\u2010Bas, au point que le ministre des Affaires \u00e9tran\u00adg\u00e8res sortant, David Van Weel, a publi\u00adque\u00adment tent\u00e9 de dissuader le joueur n\u00e9erlandais.<\/p>\n<p><strong>\u00ab\u202fIl n\u2019est pas interdit de parti\u00adciper \u00e0 des tour\u00adnois en Russie, mais je l\u2019exhorte \u00e0 ne pas le faire. Il faut tenir compte des aspects moraux.\u202f\u00bb<\/strong><\/p>\n<p class=\"post-published-date\" style=\"color: silver; font-size: 75%; text-align: left;\">Publi\u00e9 le vendredi 28 novembre 2025 \u00e0 11:44<\/p>\n","protected":false},"excerpt":{"rendered":"En couple, le N\u00e9erlandais Tallon Griekspoor et la Russe Anastasia Potapova (51e mondiale) doivent parti\u00adciper ce week\u2010end \u00e0&hellip;\n","protected":false},"author":2,"featured_media":13830,"comment_status":"","ping_status":"","sticky":false,"template":"","format":"standard","meta":{"footnotes":""},"categories":[1415],"tags":[15212,1011,27,60,1467],"class_list":{"0":"post-567259","1":"post","2":"type-post","3":"status-publish","4":"format-standard","5":"has-post-thumbnail","7":"category-tennis","8":"tag-bublik","9":"tag-fr","10":"tag-france","11":"tag-sports","12":"tag-tennis"},"share_on_mastodon":{"url":"https:\/\/pubeurope.com\/@fr\/115634570644313262","error":""},"_links":{"self":[{"href":"https:\/\/www.europesays.com\/fr\/wp-json\/wp\/v2\/posts\/567259","targetHints":{"allow":["GET"]}}],"collection":[{"href":"https:\/\/www.europesays.com\/fr\/wp-json\/wp\/v2\/posts"}],"about":[{"href":"https:\/\/www.europesays.com\/fr\/wp-json\/wp\/v2\/types\/post"}],"author":[{"embeddable":true,"href":"https:\/\/www.europesays.com\/fr\/wp-json\/wp\/v2\/users\/2"}],"replies":[{"embeddable":true,"href":"https:\/\/www.europesays.com\/fr\/wp-json\/wp\/v2\/comments?post=567259"}],"version-history":[{"count":0,"href":"https:\/\/www.europesays.com\/fr\/wp-json\/wp\/v2\/posts\/567259\/revisions"}],"wp:featuredmedia":[{"embeddable":true,"href":"https:\/\/www.europesays.com\/fr\/wp-json\/wp\/v2\/media\/13830"}],"wp:attachment":[{"href":"https:\/\/www.europesays.com\/fr\/wp-json\/wp\/v2\/media?parent=567259"}],"wp:term":[{"taxonomy":"category","embeddable":true,"href":"https:\/\/www.europesays.com\/fr\/wp-json\/wp\/v2\/categories?post=567259"},{"taxonomy":"post_tag","embeddable":true,"href":"https:\/\/www.europesays.com\/fr\/wp-json\/wp\/v2\/tags?post=567259"}],"curies":[{"name":"wp","href":"https:\/\/api.w.org\/{rel}","templated":true}]}}