{"id":567260,"date":"2025-11-29T19:14:16","date_gmt":"2025-11-29T19:14:16","guid":{"rendered":"https:\/\/www.europesays.com\/fr\/567260\/"},"modified":"2025-11-29T19:14:16","modified_gmt":"2025-11-29T19:14:16","slug":"cyclo-cross-de-savigneux-jules-sauzet-1er-actualite","status":"publish","type":"post","link":"https:\/\/www.europesays.com\/fr\/567260\/","title":{"rendered":"Cyclo-cross de Savigneux : Jules Sauzet 1er &#8211; Actualit\u00e9"},"content":{"rendered":"<p style=\"text-align: justify;\">Jules Sauzet (Charvieu-Chavagneux IC) a remport\u00e9, ce samedi, le cyclo-cross de Savigneux (Loire), organis\u00e9 par le V\u00e9lo Vert Savignolais. Il a devanc\u00e9 Gauthier Monteil (Le Roc de la L\u00e8gue) et Guillaume Perrot (CC Saint-Martinois).<\/p>\n<p><strong>Classement :<\/strong><br \/><strong>S\u00e9niors et U23<\/strong><br \/>1. SAUZET Jules CHARVIEU CHAVAGNEUX I.C.<br \/>2. MONTEIL Gauthier LE ROC DE LA LEGUE<br \/>3. PERROT Guillaume C.C. ST MARTINOIS<br \/>4. BONNEFOY Nicolas C.R.4 CHEMINS\/ROANNE<br \/>5. MOUNIER J\u00e9r\u00e9my CC MAINSAT EVAUX<br \/>6. FILLIAT Alexis UNION CYCLISTE AMBERT AUVERGNE<br \/>7. BONNEFOY J\u00e9r\u00e9mie C.R.4 CHEMINS\/ROANNE<br \/>8. AUSTIN Eliott V.C. ROANNAIS<br \/>9. BAILLY Augustin UNITEAM CYCLING\u00a0\u00a0<br \/>10. LATUILE Antoine V.V. SAVIGNOLAIS<\/p>\n<p>Plus d&rsquo;informations \u00e0 venir.<\/p>\n<p>Remerciements \u00e0 Manu Bonnefoy.<\/p>\n","protected":false},"excerpt":{"rendered":"Jules Sauzet (Charvieu-Chavagneux IC) a remport\u00e9, ce samedi, le cyclo-cross de Savigneux (Loire), organis\u00e9 par le V\u00e9lo Vert&hellip;\n","protected":false},"author":2,"featured_media":567261,"comment_status":"","ping_status":"","sticky":false,"template":"","format":"standard","meta":{"footnotes":""},"categories":[1411],"tags":[834,828,836,829,837,827,83,826,824,823,1154,207,814,817,815,816,822,821,832,211,839,1011,27,820,818,819,835,831,830,833,838,60,212,208,825],"class_list":{"0":"post-567260","1":"post","2":"type-post","3":"status-publish","4":"format-standard","5":"has-post-thumbnail","7":"category-cyclisme","8":"tag-attaque","9":"tag-belgique","10":"tag-braquet","11":"tag-bretagne","12":"tag-chute","13":"tag-competition","14":"tag-coupe-de-france","15":"tag-coureur","16":"tag-course-cyclisme","17":"tag-course-cycliste","18":"tag-cycling","19":"tag-cyclisme","20":"tag-direct","21":"tag-direct-velo","22":"tag-directvelo","23":"tag-directvelo-com","24":"tag-epreuve","25":"tag-epreuve-cycliste","26":"tag-federation-francaise-de-cyclisme","27":"tag-ffc","28":"tag-flandres","29":"tag-fr","30":"tag-france","31":"tag-live","32":"tag-live-course","33":"tag-live-epreuve","34":"tag-peloton","35":"tag-radio-peloton","36":"tag-radio-tour","37":"tag-ravitaillement","38":"tag-relance","39":"tag-sports","40":"tag-uci","41":"tag-velo","42":"tag-velos"},"share_on_mastodon":{"url":"https:\/\/pubeurope.com\/@fr\/115634586668745171","error":""},"_links":{"self":[{"href":"https:\/\/www.europesays.com\/fr\/wp-json\/wp\/v2\/posts\/567260","targetHints":{"allow":["GET"]}}],"collection":[{"href":"https:\/\/www.europesays.com\/fr\/wp-json\/wp\/v2\/posts"}],"about":[{"href":"https:\/\/www.europesays.com\/fr\/wp-json\/wp\/v2\/types\/post"}],"author":[{"embeddable":true,"href":"https:\/\/www.europesays.com\/fr\/wp-json\/wp\/v2\/users\/2"}],"replies":[{"embeddable":true,"href":"https:\/\/www.europesays.com\/fr\/wp-json\/wp\/v2\/comments?post=567260"}],"version-history":[{"count":0,"href":"https:\/\/www.europesays.com\/fr\/wp-json\/wp\/v2\/posts\/567260\/revisions"}],"wp:featuredmedia":[{"embeddable":true,"href":"https:\/\/www.europesays.com\/fr\/wp-json\/wp\/v2\/media\/567261"}],"wp:attachment":[{"href":"https:\/\/www.europesays.com\/fr\/wp-json\/wp\/v2\/media?parent=567260"}],"wp:term":[{"taxonomy":"category","embeddable":true,"href":"https:\/\/www.europesays.com\/fr\/wp-json\/wp\/v2\/categories?post=567260"},{"taxonomy":"post_tag","embeddable":true,"href":"https:\/\/www.europesays.com\/fr\/wp-json\/wp\/v2\/tags?post=567260"}],"curies":[{"name":"wp","href":"https:\/\/api.w.org\/{rel}","templated":true}]}}