{"id":567265,"date":"2025-11-29T19:17:15","date_gmt":"2025-11-29T19:17:15","guid":{"rendered":"https:\/\/www.europesays.com\/fr\/567265\/"},"modified":"2025-11-29T19:17:15","modified_gmt":"2025-11-29T19:17:15","slug":"jean-marie-millasseau-signe-un-deuxieme-ouvrage-photo-sur-la-beaute-damboise","status":"publish","type":"post","link":"https:\/\/www.europesays.com\/fr\/567265\/","title":{"rendered":"Jean-Marie Millasseau signe un deuxi\u00e8me ouvrage photo sur la beaut\u00e9 d\u2019Amboise"},"content":{"rendered":"<p>Il dit toujours qu\u2019il n\u2019est pas photographe. \u00ab\u00a0Je suis passionn\u00e9\u00a0\u00bb, corrige-t-il. \u00c0 6\u00a0h du matin, quand Amboise dort encore et que la Loire donne l\u2019impression de fumer sous la brume, Jean-Marie Millasseau est d\u00e9j\u00e0 dehors, un appareil en bandouli\u00e8re. \u00ab\u00a0C\u2019est une heure o\u00f9 il y a des choses que je n\u2019ai pas l\u2019habitude de voir\u00a0\u00bb, expose-t-il.\u00a0Il traque les instants minuscules, les lumi\u00e8res qui n\u2019appartienne&#8230; <\/p>\n<p>    Cet article a \u00e9t\u00e9 tronqu\u00e9. Abonnez-vous pour lire l&rsquo;article complet sur notre site.<\/p>\n<p style=\"margin: 0 !important; padding: 0 !important; font-size: 12px !important;\">Cet article a \u00e9t\u00e9 tronqu\u00e9. Abonnez-vous pour lire l&rsquo;article complet.<\/p>\n<p>    <a href=\"https:\/\/www.lanouvellerepublique.fr\/abonnements\" style=\"display: inline-block; margin-top: 5px !important; padding: 6px 12px !important; background: #cb1c27; color: white; text-decoration: none; border-radius: 4px; font-size: 12px !important;\" target=\"_blank\" rel=\"noopener\"><br \/>\n      S&rsquo;abonner<br \/>\n    <\/a><\/p>\n","protected":false},"excerpt":{"rendered":"Il dit toujours qu\u2019il n\u2019est pas photographe. \u00ab\u00a0Je suis passionn\u00e9\u00a0\u00bb, corrige-t-il. \u00c0 6\u00a0h du matin, quand Amboise dort&hellip;\n","protected":false},"author":2,"featured_media":567266,"comment_status":"","ping_status":"","sticky":false,"template":"","format":"standard","meta":{"footnotes":""},"categories":[1358],"tags":[1392,7502,1348,1384,1385,1674,1386,58,59,1011,27,1380,1393],"class_list":{"0":"post-567265","1":"post","2":"type-post","3":"status-publish","4":"format-standard","5":"has-post-thumbnail","7":"category-arts-et-design","8":"tag-a-la-une-local","9":"tag-amboise","10":"tag-arts","11":"tag-arts-and-design","12":"tag-arts-et-design","13":"tag-communes","14":"tag-design","15":"tag-divertissement","16":"tag-entertainment","17":"tag-fr","18":"tag-france","19":"tag-livres","20":"tag-loisirs"},"share_on_mastodon":{"url":"https:\/\/pubeurope.com\/@fr\/115634598272898121","error":""},"_links":{"self":[{"href":"https:\/\/www.europesays.com\/fr\/wp-json\/wp\/v2\/posts\/567265","targetHints":{"allow":["GET"]}}],"collection":[{"href":"https:\/\/www.europesays.com\/fr\/wp-json\/wp\/v2\/posts"}],"about":[{"href":"https:\/\/www.europesays.com\/fr\/wp-json\/wp\/v2\/types\/post"}],"author":[{"embeddable":true,"href":"https:\/\/www.europesays.com\/fr\/wp-json\/wp\/v2\/users\/2"}],"replies":[{"embeddable":true,"href":"https:\/\/www.europesays.com\/fr\/wp-json\/wp\/v2\/comments?post=567265"}],"version-history":[{"count":0,"href":"https:\/\/www.europesays.com\/fr\/wp-json\/wp\/v2\/posts\/567265\/revisions"}],"wp:featuredmedia":[{"embeddable":true,"href":"https:\/\/www.europesays.com\/fr\/wp-json\/wp\/v2\/media\/567266"}],"wp:attachment":[{"href":"https:\/\/www.europesays.com\/fr\/wp-json\/wp\/v2\/media?parent=567265"}],"wp:term":[{"taxonomy":"category","embeddable":true,"href":"https:\/\/www.europesays.com\/fr\/wp-json\/wp\/v2\/categories?post=567265"},{"taxonomy":"post_tag","embeddable":true,"href":"https:\/\/www.europesays.com\/fr\/wp-json\/wp\/v2\/tags?post=567265"}],"curies":[{"name":"wp","href":"https:\/\/api.w.org\/{rel}","templated":true}]}}