{"id":567267,"date":"2025-11-29T19:19:38","date_gmt":"2025-11-29T19:19:38","guid":{"rendered":"https:\/\/www.europesays.com\/fr\/567267\/"},"modified":"2025-11-29T19:19:38","modified_gmt":"2025-11-29T19:19:38","slug":"larcom-regrette-labsence-de-mise-en-perspective-france-2-mise-en-garde-par-lautorite-pour-un-numero-de-complement-denquete","status":"publish","type":"post","link":"https:\/\/www.europesays.com\/fr\/567267\/","title":{"rendered":"L&rsquo;Arcom regrette l&rsquo;absence de mise en perspective\u00a0\u00bb : France 2 \u00ab\u00a0mise en garde\u00a0\u00bb par l\u2019autorit\u00e9 pour un num\u00e9ro de \u00ab\u00a0Compl\u00e9ment d&rsquo;enqu\u00eate"},"content":{"rendered":"<p>                <img loading=\"lazy\" decoding=\"async\" src=\"https:\/\/www.europesays.com\/fr\/wp-content\/uploads\/2025\/04\/82-65703a09b7c5d-35x35-1.jpg\" class=\"author-article-picture\" width=\"35\" height=\"35\"\/><\/p>\n<p>                    Par<\/p>\n<p>                                            <a class=\"author-article-bio-link\" href=\"https:\/\/www.ozap.com\/auteur\/bruna-fernandez_a82\" target=\"_blank\" rel=\"noopener\">Bruna Fernandez<\/a><\/p>\n<p>                    |<\/p>\n<p>                                            Journaliste<\/p>\n<p>\n                    N\u00e9e \u00e0 l\u2019\u00e9poque des \u201cInconnus\u201d, Bruna grandit entre le Br\u00e9sil et la France. Enfant, elle enrichit son imaginaire devant le grand et le petit \u00e9cran. Devenue journaliste, elle passe derri\u00e8re la cam\u00e9ra et travaille pour plusieurs \u00e9missions. Un petit monde qu\u2019elle se pla\u00eet \u00e0 d\u00e9cortiquer pour puremedias.\n                <\/p>\n<p>\n    Alors qu&rsquo;un num\u00e9ro sur CNews fait grand bruit, le r\u00e9gulateur a adress\u00e9 une mise en garde formelle \u00e0 France 2 apr\u00e8s la diffusion, le 19 juin 2025, d\u2019un num\u00e9ro du magazine d\u2019investigation consacr\u00e9 au S\u00e9nat.\n<\/p>\n<p>                            <img loading=\"lazy\" decoding=\"async\" class=\"player-thumbnail\" src=\"https:\/\/www.europesays.com\/fr\/wp-content\/uploads\/2025\/11\/14b157c50a37c1b6-580x326-1.png\" width=\"580\" height=\"326\"\/><\/p>\n<p>                            La bande-annonce du num\u00e9ro de \u00ab\u00a0Compl\u00e9ment d&rsquo;enqu\u00eate\u00a0\u00bb consacr\u00e9 au S\u00e9nat, diffus\u00e9 le 19 juin 2025, et \u00e9pingl\u00e9 par l&rsquo;Arcom \u00a9 France 2<\/p>\n<p>La suite apr\u00e8s la publicit\u00e9<\/p>\n<p>Un timing malheureux pour France 2. Dans un communiqu\u00e9 publi\u00e9 ce jeudi 27 novembre, l\u2019Arcom adresse une \u00ab\u00a0mise en garde\u00a0\u00bb \u00e0 la cha\u00eene publique concernant un num\u00e9ro de <a href=\"https:\/\/www.ozap.com\/actu\/c-est-un-naufrage-pascal-praud-dezingue-le-complement-d-enquete-de-france-2-sur-cnews\/652662\" target=\"_blank\" rel=\"noopener\">\u00ab\u00a0Compl\u00e9ment d\u2019enqu\u00eate\u00a0\u00bb<\/a> diffus\u00e9 le 19 juin dernier. L\u2019\u00e9mission\u00a0\u00ab\u00a0S\u00e9nat : les secrets de la chambre haute\u00a0\u00bb, pr\u00e9sent\u00e9e par <a href=\"https:\/\/www.ozap.com\/personnalite\/tristan-waleckx_e213165\" target=\"_blank\" rel=\"noopener\">Tristan Waleckx,<\/a> explorait les affaires qui ont r\u00e9cemment \u00e9branl\u00e9 le palais du Luxembourg : l\u2019affaire Jo\u00ebl Guerriau, les accusations visant Esther Benbassa ou les doutes autour des d\u00e9penses de certains \u00e9lus.<\/p>\n<p>\u00ab\u00a0Les faits graves en cause (n&rsquo;ont pas \u00e9t\u00e9) trait\u00e9s avec la mesure et la rigueur requises\u00a0\u00bb<\/p>\n<p>Mais selon<a href=\"https:\/\/www.ozap.com\/actu\/la-gauche-pendant-que-les-francais-dorment-lextreme-droite-aux-heures-de-forte-audience-rsf-accuse-cnews-de-tricher-sur-le-pluralisme-politique-et-va-saisir-larcom\/652631\" target=\"_blank\" rel=\"noopener\"> l\u2019Arcom<\/a>, plusieurs s\u00e9quences n\u2019ont pas offert les pr\u00e9cisions n\u00e9cessaires. Dans son communiqu\u00e9, l\u2019autorit\u00e9 explique qu\u2019elle \u00ab\u00a0regrette l\u2019absence de mise en perspective (\u2026) des propos\u00a0\u00bb d\u2019un collaborateur d\u00e9non\u00e7ant des modifications de proc\u00e9dure cens\u00e9es entraver les signalements de harc\u00e8lement. L\u2019Arcom rappelle que cette r\u00e9forme avait au contraire \u00e9t\u00e9 mise en place pour \u00ab\u00a0am\u00e9liorer la gestion des signalements de harc\u00e8lement\u00a0\u00bb.<\/p>\n<p>L\u2019\u00e9mission affirmait aussi qu\u2019en 2023, \u00ab\u00a0\u00e0 peine la moiti\u00e9 [des d\u00e9penses des s\u00e9nateurs] a \u00e9t\u00e9 contr\u00f4l\u00e9e\u00a0\u00bb. Une pr\u00e9sentation jug\u00e9e trompeuse : \u00ab\u00a0Une telle affirmation (\u2026) ne peut que laisser penser (\u2026) que les contr\u00f4les op\u00e9r\u00e9s sont particuli\u00e8rement insuffisants\u00a0\u00bb, \u00e9crit le r\u00e9gulateur, rappelant que les contr\u00f4les annuels couvrent entre \u00ab\u00a040 et 60%\u00a0\u00bb des frais pour les contr\u00f4les approfondis et \u00ab\u00a020 \u00e0 30%\u00a0\u00bb pour les contr\u00f4les transversaux.<\/p>\n<p>L\u2019Arcom \u00e9pingle \u00e9galement un t\u00e9moignage central, celui d\u2019un ancien m\u00e9decin du S\u00e9nat \u00e9voquant un suppos\u00e9 chantage avec des vid\u00e9os intimes : \u00ab\u00a0Eu \u00e9gard \u00e0 la place pr\u00e9pond\u00e9rante accord\u00e9e au t\u00e9moignage (\u2026) les faits graves en cause ne peuvent \u00eatre regard\u00e9s comme ayant \u00e9t\u00e9 trait\u00e9s avec la mesure et la rigueur requises.\u00a0\u00bb Le r\u00e9gulateur regrette aussi que l\u2019\u00e9mission n\u2019ait pas rappel\u00e9 que la secr\u00e9taire cit\u00e9e avait \u00e9t\u00e9 licenci\u00e9e, une information pourtant publique.<\/p>\n<p>Enfin, l\u2019autorit\u00e9 s\u2019inqui\u00e8te de l\u2019usage de termes comme \u00ab\u00a0s\u00e9nateurs dealers\u00a0\u00bb ou \u00ab\u00a0trafic de drogue\u00a0\u00bb, formul\u00e9s \u00ab\u00a0sans recours au conditionnel ni mise en perspective\u00a0\u00bb alors que les proc\u00e9dures sont en cours. France 2 est donc mise en garde \u00ab\u00a0quant \u00e0 la n\u00e9cessit\u00e9 de faire preuve de rigueur et d\u2019honn\u00eatet\u00e9 dans la pr\u00e9sentation et le traitement de l\u2019information\u00a0\u00bb. Le dossier a \u00e9t\u00e9 transmis au comit\u00e9 d\u2019\u00e9thique de France T\u00e9l\u00e9visions.<\/p>\n<p>Pourquoi \u00ab\u00a0Compl\u00e9ment d&rsquo;enqu\u00eate\u00a0\u00bb a supprim\u00e9 en derni\u00e8re minute une s\u00e9quence de son enqu\u00eate sur CNews ?<\/p>\n<p>La d\u00e9cision tombe alors que France 2 fait d\u00e9j\u00e0 face \u00e0 une autre pol\u00e9mique : la suppression en urgence d\u2019une s\u00e9quence dans le num\u00e9ro de \u00ab\u00a0Compl\u00e9ment d\u2019enqu\u00eate\u00a0\u00bb consacr\u00e9 \u00e0 CNews, diffus\u00e9 ce 27 novembre. Cette coupure fait suite \u00e0 une mise au point tr\u00e8s ferme rendue publique par l\u2019Arcom quelques heures avant la diffusion. Dans une enqu\u00eate, Reporters Sans Fronti\u00e8res assure que CNews r\u00e9serve \u00ab\u00a040,6 % du temps d\u2019antenne \u00e0 l\u2019extr\u00eame droite\u00a0\u00bb contre \u00ab\u00a015,4 % \u00e0 la gauche\u00a0\u00bb et \u00e9voquait un \u00ab\u00a0rattrapage nocturne\u00a0\u00bb artificiel. Des informations reprises pendant quelques minutes dans le reportage du magazine. Mais jeudi matin, l\u2019Arcom a s\u00e8chement r\u00e9pondu : \u00ab\u00a0Nos r\u00e9sultats ne sont pas ceux de RSF. Nous n\u2019avons pas de doute. Il n\u2019y a pas de contournements des r\u00e8gles du pluralisme politique.\u00a0\u00bb<\/p>\n<p>Une contradiction frontale qui a contraint France 2 \u00e0 couper toute la s\u00e9quence sur le temps de parole nocturne. \u00ab\u00a0\u00c9tant dans l&rsquo;impossibilit\u00e9 technique de rajouter cet \u00e9l\u00e9ment contradictoire aussi pr\u00e8s de l&rsquo;heure de diffusion de l&rsquo;\u00e9mission, nous n&rsquo;avons eu d&rsquo;autre choix que de couper la s\u00e9quence concern\u00e9e\u00a0\u00bb,\u00a0a justifi\u00e9 la cha\u00eene dans un communiqu\u00e9. \u00ab\u00a0Notre priorit\u00e9 \u00e9tant toujours de respecter le contradictoire.\u00a0\u00bb<\/p>\n<p>        <img decoding=\"async\" class=\"thumb-img-100 thumb-img\" src=\"https:\/\/www.europesays.com\/fr\/wp-content\/uploads\/2025\/11\/4b403e411297873b-320x180-2.jpg\" alt=\"&quot;C'est un naufrage&quot; : Pascal Praud d\u00e9zingue le &quot;Compl\u00e9ment d'enqu\u00eate&quot; de France 2 sur CNews\" width=\"320\" height=\"180\" loading=\"lazy\" role=\"presentation\"\/><\/p>\n<p>                                            \u00ab\u00a0C&rsquo;est un naufrage\u00a0\u00bb : Pascal Praud d\u00e9zingue le \u00ab\u00a0Compl\u00e9ment d&rsquo;enqu\u00eate\u00a0\u00bb de France 2 sur CNews<\/p>\n<p>        <img decoding=\"async\" class=\"thumb-img-100 thumb-img\" src=\"https:\/\/www.europesays.com\/fr\/wp-content\/uploads\/2025\/11\/26dec455f758f569-320x180-1.jpg\" alt=\"Audiences : Quel score pour le &quot;Compl\u00e9ment d'enqu\u00eate&quot; \u00e9v\u00e9nement sur CNews ?\" width=\"320\" height=\"180\" loading=\"lazy\" role=\"presentation\"\/><\/p>\n<p>                                            Audiences : Quel score pour le \u00ab\u00a0Compl\u00e9ment d&rsquo;enqu\u00eate\u00a0\u00bb \u00e9v\u00e9nement sur CNews ?<\/p>\n<p>        <img decoding=\"async\" class=\"thumb-img-100 thumb-img\" src=\"https:\/\/www.europesays.com\/fr\/wp-content\/uploads\/2025\/11\/73cf48b4c7a7b4f0-320x180-1.png\" alt=\"&quot;Canal+ privil\u00e9gie le business \u00e0 la protection des mineurs&quot; : Axel, victime pr\u00e9sum\u00e9e de Jean-Marc Morandini, t\u00e9moigne &quot;pour la premi\u00e8re fois face cam\u00e9ra&quot; dans &quot;Compl\u00e9ment d'enqu\u00eate&quot; sur France 2\" width=\"320\" height=\"180\" loading=\"lazy\" role=\"presentation\"\/><\/p>\n<p>                                            \u00ab\u00a0Canal+ privil\u00e9gie le business \u00e0 la protection des mineurs\u00a0\u00bb : Axel, victime pr\u00e9sum\u00e9e de Jean-Marc Morandini, t\u00e9moigne \u00ab\u00a0pour la premi\u00e8re fois face cam\u00e9ra\u00a0\u00bb dans \u00ab\u00a0Compl\u00e9ment d&rsquo;enqu\u00eate\u00a0\u00bb sur France 2<\/p>\n","protected":false},"excerpt":{"rendered":"Par Bruna Fernandez | Journaliste N\u00e9e \u00e0 l\u2019\u00e9poque des \u201cInconnus\u201d, Bruna grandit entre le Br\u00e9sil et la France.&hellip;\n","protected":false},"author":2,"featured_media":567268,"comment_status":"","ping_status":"","sticky":false,"template":"","format":"standard","meta":{"footnotes":""},"categories":[1356],"tags":[58,59,1011,27,252,1364],"class_list":{"0":"post-567267","1":"post","2":"type-post","3":"status-publish","4":"format-standard","5":"has-post-thumbnail","7":"category-television","8":"tag-divertissement","9":"tag-entertainment","10":"tag-fr","11":"tag-france","12":"tag-television","13":"tag-tv"},"share_on_mastodon":{"url":"https:\/\/pubeurope.com\/@fr\/115634607383872335","error":""},"_links":{"self":[{"href":"https:\/\/www.europesays.com\/fr\/wp-json\/wp\/v2\/posts\/567267","targetHints":{"allow":["GET"]}}],"collection":[{"href":"https:\/\/www.europesays.com\/fr\/wp-json\/wp\/v2\/posts"}],"about":[{"href":"https:\/\/www.europesays.com\/fr\/wp-json\/wp\/v2\/types\/post"}],"author":[{"embeddable":true,"href":"https:\/\/www.europesays.com\/fr\/wp-json\/wp\/v2\/users\/2"}],"replies":[{"embeddable":true,"href":"https:\/\/www.europesays.com\/fr\/wp-json\/wp\/v2\/comments?post=567267"}],"version-history":[{"count":0,"href":"https:\/\/www.europesays.com\/fr\/wp-json\/wp\/v2\/posts\/567267\/revisions"}],"wp:featuredmedia":[{"embeddable":true,"href":"https:\/\/www.europesays.com\/fr\/wp-json\/wp\/v2\/media\/567268"}],"wp:attachment":[{"href":"https:\/\/www.europesays.com\/fr\/wp-json\/wp\/v2\/media?parent=567267"}],"wp:term":[{"taxonomy":"category","embeddable":true,"href":"https:\/\/www.europesays.com\/fr\/wp-json\/wp\/v2\/categories?post=567267"},{"taxonomy":"post_tag","embeddable":true,"href":"https:\/\/www.europesays.com\/fr\/wp-json\/wp\/v2\/tags?post=567267"}],"curies":[{"name":"wp","href":"https:\/\/api.w.org\/{rel}","templated":true}]}}