{"id":567269,"date":"2025-11-29T19:20:18","date_gmt":"2025-11-29T19:20:18","guid":{"rendered":"https:\/\/www.europesays.com\/fr\/567269\/"},"modified":"2025-11-29T19:20:18","modified_gmt":"2025-11-29T19:20:18","slug":"exclu-ce-tendre-cadeau-de-florent-pagny-a-sa-femme-azucena-caamano-pour-son-passage-a-taratata-avec-nagui","status":"publish","type":"post","link":"https:\/\/www.europesays.com\/fr\/567269\/","title":{"rendered":"Exclu. Ce tendre cadeau de Florent Pagny \u00e0 sa femme Azucena Caama\u00f1o pour son passage \u00e0 Taratata avec Nagui"},"content":{"rendered":"<p>En marge du tr\u00e8s sp\u00e9cial Florent Pagny fait son Taratata (diffus\u00e9 samedi 29 novembre 2025 \u00e0 21h10 sur France 2), le chanteur a accord\u00e9 un entretien \u00e0 T\u00e9l\u00e9-Loisirs. Pendant cette carte blanche, il reprend \u00e9videmment nombre de ses tubes, ainsi que plusieurs morceaux de son dernier album, Grandeur nature. Avec un joli cadeau \u00e0 sa femme Azucena Caama\u00f1o\u2026\u00a0<\/p>\n<p><a href=\"https:\/\/www.programme-tv.net\/news\/musique\/312855-je-suis-dans-une-phase-de-remise-en-forme-florent-pagny-donne-de-ses-nouvelles-dans-taratata-100-contre-le-cancer-sur-france-2\/\" data-api-deeplink=\"teleloisirs:\/\/news\/312855\" target=\"_blank\" rel=\"noopener\">Florent Pagny et Taratata, c&rsquo;est une longue histoire<\/a>. Le 10 janvier 1993, l&rsquo;artiste faisait en effet partie des invit\u00e9s de <a href=\"https:\/\/www.programme-tv.net\/news\/musique\/338226-ce-celebre-chanteur-a-lorigine-de-la-musique-du-generique-de-taratata\/\" data-api-deeplink=\"teleloisirs:\/\/news\/338226\" target=\"_blank\" rel=\"noopener\">la premi\u00e8re \u00e9mission<\/a> &#8211; aux c\u00f4t\u00e9s de Zazie, <a href=\"https:\/\/www.programme-tv.net\/biographie\/24406-obispo-pascal\/\" data-link-people=\"7bc29ee6-9de0-474f-8138-19a3f5844ab4\" target=\"_blank\" rel=\"noopener\">Pascal Obispo<\/a>, <a href=\"https:\/\/www.programme-tv.net\/biographie\/20002-lavilliers-bernard\/\" data-link-people=\"6c480325-bfec-4e83-b2fd-4b80c3974b39\" target=\"_blank\" rel=\"noopener\">Bernard Lavilliers<\/a>, Les Innocents, et Amina. Il est ensuite revenu plusieurs fois dans les ann\u00e9es 1990. Avant de piquer une t\u00eate sur le plateau de Nagui en 2005. Puis plus rien. Une anomalie que le pr\u00e9sentateur a d\u00e9cid\u00e9 de corriger en consacrant une \u00e9mission sp\u00e9ciale \u00e0 l&rsquo;interpr\u00e8te de Ma libert\u00e9 de penser &#8211; <a href=\"https:\/\/www.programme-tv.net\/news\/tv\/269862-pascal-obispo-ce-geste-damitie-quil-a-eu-pour-florent-pagny-et-qui-a-inspire-ma-liberte-de-penser\/\" data-api-deeplink=\"teleloisirs:\/\/news\/269862\" target=\"_blank\" rel=\"noopener\">morceau inspir\u00e9 par un geste d&rsquo;amiti\u00e9 de Pascal Obispo \u00e0 son \u00e9gard<\/a>. Florent Pagny fait donc son Taratata, enregistr\u00e9 pour l&rsquo;occasion dans l&rsquo;enceinte boulonnaise de la Seine musicale. Pour son plus grand plaisir : \u00ab\u00a0Avec Nagui, on a d\u00e9marr\u00e9 ensemble, et j&rsquo;avais particip\u00e9 aux premiers num\u00e9ros au d\u00e9but des ann\u00e9es 1990. Nos chemins se sont ensuite \u00e9loign\u00e9s, mais quand il m&rsquo;a souffl\u00e9 cette id\u00e9e il y a deux ans, j&rsquo;ai dit oui tout de suite. Il y a une vraie magie dans cette \u00e9mission\u00a0\u00bb, confiait-il lors d&rsquo;une interview accord\u00e9e \u00e0 T\u00e9l\u00e9-Loisirs.<\/p>\n<p>Pendant 2h20, Florent Pagny chante quelques-uns de ses nombreux tubes. En solo, il interpr\u00e8te par exemple Bienvenue chez moi. <a href=\"https:\/\/www.programme-tv.net\/biographie\/45874-mae-christophe\/\" data-link-people=\"18189039-f9be-4284-be21-20d9a19d21a3\" target=\"_blank\" rel=\"noopener\">Christophe Ma\u00e9<\/a> fait le d\u00e9placement pour un duo sur Et un jour une femme, alors que <a href=\"https:\/\/www.programme-tv.net\/biographie\/6799-alagna-roberto\/\" data-link-people=\"53b202b7-38c7-4cac-afb6-521912b6a2ee\" target=\"_blank\" rel=\"noopener\"><b>Roberto Alagna<\/b><\/a><b> donne avec lui de la voix sur <\/b><b>Caruso<\/b>. Il peut \u00e9galement compter sur Zaz et <a href=\"https:\/\/www.programme-tv.net\/biographie\/355236-capeo-claudio\/\" data-link-people=\"ec8d3137-cb71-4bf1-840c-4e7850b74707\" target=\"_blank\" rel=\"noopener\">Claudio Cap\u00e9o<\/a> pour Ch\u00e2telet Les Halles et Ma libert\u00e9 de penser. Le jur\u00e9 de The Voice entonne par ailleurs des chansons de son dernier album, Grandeur nature. Avec un petit cadeau \u00e0 son \u00e9pouse Azucena Caama\u00f1o pour son premier morceau chant\u00e9 en solo : T&rsquo;aimer encore, jolie d\u00e9claration d&rsquo;amour. \u00ab\u00a0Cette chanson que m&rsquo;a \u00e9crite Vianney et que je me suis appropri\u00e9e s&rsquo;adresse bien s\u00fbr \u00e0 Azucena, mais aussi \u00e0 mon public qui m&rsquo;a envoy\u00e9 tellement d\u2019amour pendant ces moments difficiles et si particuliers. Je vais vibrer avec eux toute l&rsquo;ann\u00e9e prochaine sur sc\u00e8ne\u00a0\u00bb, explique-t-il.<\/p>\n<p>            Une tourn\u00e9e et The Voice : le programme charg\u00e9 de Florent Pagny en 2026<\/p>\n<p>Se reposant tranquillement dans sa ferme en Patagonie, Florent Pagny s&rsquo;appr\u00eate \u00e0 se lancer dans une ann\u00e9e charg\u00e9e. En 2026, il entame d\u00e8s janvier une tourn\u00e9e de 70 dates. Sans compter la saison 15 de The Voice, o\u00f9 il reprend son fauteuil de jur\u00e9, entour\u00e9 de <a href=\"https:\/\/www.programme-tv.net\/biographie\/438-fabian-lara\/\" data-link-people=\"1e4f609c-22b1-4fa4-8844-4431644263d8\" target=\"_blank\" rel=\"noopener\">Lara Fabian<\/a>, <a href=\"https:\/\/www.programme-tv.net\/biographie\/46035-bent-amel\/\" data-link-people=\"b7eb1b90-651e-4c0c-b591-4e98a32341a0\" target=\"_blank\" rel=\"noopener\">Amel Bent<\/a>, et <a href=\"https:\/\/www.programme-tv.net\/news\/tv\/391849-exclu-the-voice-florent-pagny-reagit-a-larrivee-de-tayc-parmi-les-coachs\/\" data-api-deeplink=\"teleloisirs:\/\/news\/391849\" target=\"_blank\" rel=\"noopener\">le petit nouveau Tayc<\/a>. M\u00eame s&rsquo;il reste prudent et \u00ab\u00a0soumis \u00e0 des contr\u00f4les r\u00e9guliers\u00a0\u00bb, <b>il profite de sa vie d&rsquo;artiste <\/b><b>\u00ab\u00a0sans les probl\u00e8mes de sant\u00e9\u00a0\u00bb<\/b><b> et assure que <\/b><b>\u00ab\u00a0tout va bien\u00a0\u00bb<\/b>. L&rsquo;ann\u00e9e s&rsquo;annonce radieuse.<\/p>\n<blockquote class=\"instagram-media\" data-instgrm-captioned=\"\" data-instgrm-permalink=\"https:\/\/www.instagram.com\/reel\/DRjn5jyiQPp\/?utm_source=ig_embed&amp;utm_campaign=loading\" data-instgrm-version=\"14\" style=\" background:#FFF; border:0; border-radius:3px; box-shadow:0 0 1px 0 rgba(0,0,0,0.5),0 1px 10px 0 rgba(0,0,0,0.15); margin: 1px; max-width:658px; min-width:326px; padding:0; width:99.375%; width:-webkit-calc(100% - 2px); width:calc(100% - 2px);\"\/>\n<p>        <script async src=\"\/\/www.instagram.com\/embed.js\"><\/script><\/p>\n","protected":false},"excerpt":{"rendered":"En marge du tr\u00e8s sp\u00e9cial Florent Pagny fait son Taratata (diffus\u00e9 samedi 29 novembre 2025 \u00e0 21h10 sur&hellip;\n","protected":false},"author":2,"featured_media":567270,"comment_status":"","ping_status":"","sticky":false,"template":"","format":"standard","meta":{"footnotes":""},"categories":[1355],"tags":[68235,68234,1409,244,58,59,8644,68237,68236,3109,1011,27,2173,1361,873,10477],"class_list":{"0":"post-567269","1":"post","2":"type-post","3":"status-publish","4":"format-standard","5":"has-post-thumbnail","7":"category-musique","8":"tag-azucena-caamano","9":"tag-azucena-caamau00f1o","10":"tag-bande-annonce","11":"tag-commentaire","12":"tag-divertissement","13":"tag-entertainment","14":"tag-exclu","15":"tag-florent-pagny-fait-son-taratata","16":"tag-florent-pagny-fait-son-taratata-1101319705","17":"tag-florent-pagny","18":"tag-fr","19":"tag-france","20":"tag-interview","21":"tag-music","22":"tag-musique","23":"tag-nagui"},"share_on_mastodon":{"url":"https:\/\/pubeurope.com\/@fr\/115634610146520676","error":""},"_links":{"self":[{"href":"https:\/\/www.europesays.com\/fr\/wp-json\/wp\/v2\/posts\/567269","targetHints":{"allow":["GET"]}}],"collection":[{"href":"https:\/\/www.europesays.com\/fr\/wp-json\/wp\/v2\/posts"}],"about":[{"href":"https:\/\/www.europesays.com\/fr\/wp-json\/wp\/v2\/types\/post"}],"author":[{"embeddable":true,"href":"https:\/\/www.europesays.com\/fr\/wp-json\/wp\/v2\/users\/2"}],"replies":[{"embeddable":true,"href":"https:\/\/www.europesays.com\/fr\/wp-json\/wp\/v2\/comments?post=567269"}],"version-history":[{"count":0,"href":"https:\/\/www.europesays.com\/fr\/wp-json\/wp\/v2\/posts\/567269\/revisions"}],"wp:featuredmedia":[{"embeddable":true,"href":"https:\/\/www.europesays.com\/fr\/wp-json\/wp\/v2\/media\/567270"}],"wp:attachment":[{"href":"https:\/\/www.europesays.com\/fr\/wp-json\/wp\/v2\/media?parent=567269"}],"wp:term":[{"taxonomy":"category","embeddable":true,"href":"https:\/\/www.europesays.com\/fr\/wp-json\/wp\/v2\/categories?post=567269"},{"taxonomy":"post_tag","embeddable":true,"href":"https:\/\/www.europesays.com\/fr\/wp-json\/wp\/v2\/tags?post=567269"}],"curies":[{"name":"wp","href":"https:\/\/api.w.org\/{rel}","templated":true}]}}