{"id":567273,"date":"2025-11-29T19:22:17","date_gmt":"2025-11-29T19:22:17","guid":{"rendered":"https:\/\/www.europesays.com\/fr\/567273\/"},"modified":"2025-11-29T19:22:17","modified_gmt":"2025-11-29T19:22:17","slug":"apres-40-ans-la-marche-seule-ne-suffit-pas-voici-ce-quil-faut-absolument-ajouter-pour-rester-en-forme-dapres-les-experts","status":"publish","type":"post","link":"https:\/\/www.europesays.com\/fr\/567273\/","title":{"rendered":"Apr\u00e8s 40 ans, la marche seule ne suffit pas : voici ce qu\u2019il faut absolument ajouter pour rester en forme, d&rsquo;apr\u00e8s les experts"},"content":{"rendered":"<p>Marcher chaque jour reste un r\u00e9flexe<br \/>\nsant\u00e9 efficace. Mais \u00e0 partir de 40 ans, est-ce encore assez pour<br \/>\npr\u00e9server muscles et forme ? Des experts alertent sur une limite<br \/>\ntrop souvent ignor\u00e9e.<\/p>\n<p>Si vous pensez qu\u2019il suffit de marcher pour rester en forme<br \/>\napr\u00e8s 40 ans, les sp\u00e9cialistes vous recommandent de revoir votre<br \/>\ncopie. Car si la marche est b\u00e9n\u00e9fique pour le c\u0153ur, elle ne prot\u00e8ge<br \/>\npas contre la <strong>fonte musculaire li\u00e9e \u00e0 l\u2019\u00e2ge<\/strong>.<br \/>\nPlusieurs experts alertent d\u00e9sormais sur la n\u00e9cessit\u00e9 d\u2019ajouter du<br \/>\nrenforcement musculaire pour \u00e9viter les effets du<br \/>\nvieillissement.<\/p>\n<p><strong>Charlotte Auch\u00e9<\/strong>, professeure en activit\u00e9<br \/>\nphysique adapt\u00e9e, le confirme : \u00ab\u00a0La marche est un effort<br \/>\nd&rsquo;endurance que l&rsquo;on peut moduler au niveau de son intensit\u00e9. C&rsquo;est<br \/>\ndonc une activit\u00e9 physique essentielle \u00e0 int\u00e9grer dans notre<br \/>\nsemaine\u00a0\u00bb. Accessible \u00e0 tous, elle reste un pilier de<br \/>\nl\u2019activit\u00e9 physique. Mais \u00e0 partir de 40 ans, elle ne suffit plus<br \/>\npour pr\u00e9server les muscles, les os et la mobilit\u00e9 sur le long<br \/>\nterme.<\/p>\n<p>Apr\u00e8s 40 ans, marcher ne suffit plus \u00e0 freiner la perte<br \/>\nmusculaire<\/p>\n<p>C\u2019est le <strong>Dr Mikel Daniels<\/strong>, podologue, qui met<br \/>\nen garde : \u00ab\u00a0D\u00e8s 40 ans, la perte musculaire li\u00e9e \u00e0 l\u2019\u00e2ge et les<br \/>\nrisques d\u2019ost\u00e9oporose augmentent\u00a0\u00bb. Une perte musculaire<br \/>\nappel\u00e9e sarcop\u00e9nie, qui selon le CHU de Bordeaux \u00ab\u00a0retentit sur<br \/>\nles performances physiques, favorise les troubles de la marche et<br \/>\nconstitue un facteur de fragilit\u00e9 chez les personnes<br \/>\n\u00e2g\u00e9es\u00a0\u00bb.<\/p>\n<p>En septembre 2025, une \u00e9tude, relay\u00e9e par la revue The<br \/>\nLancet et cit\u00e9e par <a href=\"https:\/\/www.femmeactuelle.fr\/sante\/forme\/marcher-sans-faire-dautre-sport-est-il-suffisant-pour-rester-en-forme-apres-40-ans-la-reponse-dexperts-2201433\" target=\"_blank\" rel=\"noopener\"><br \/>\nFemme Actuelle<\/a>, rappelait que marcher n\u2019emp\u00eache pas cette<br \/>\nfonte musculaire. Les chercheurs y pr\u00e9cisent : \u00ab\u00a0Si \u00e0 30 ans, on<br \/>\natteint l\u2019apog\u00e9e en mati\u00e8re de force musculaire, cette derni\u00e8re<br \/>\nd\u00e9cline de 3 \u00e0 8 % par d\u00e9cennie jusqu&rsquo;\u00e0 60 ans, avant de d\u00e9cliner<br \/>\nplus rapidement\u00a0\u00bb.<\/p>\n<p>Pour compenser cela, l\u2019activit\u00e9 de renforcement musculaire<br \/>\ndevient essentielle. Le <strong>Dr James Pang<\/strong>,<br \/>\nphysioth\u00e9rapeute, explique : \u00ab\u00a0L&rsquo;entra\u00eenement en r\u00e9sistance<br \/>\ncontribue \u00e0 la sant\u00e9 des muscles et des os d&rsquo;une mani\u00e8re que la<br \/>\nmarche ne peut tout simplement pas \u00e9galer\u00a0\u00bb.<\/p>\n<p><img loading=\"lazy\" decoding=\"async\" aria-describedby=\"caption-attachment-179593\" itemprop=\"thumbnailUrl\" class=\"size-large wp-image-179593 img-responsive\" src=\"data:image\/svg+xml,%3Csvg%20xmlns=\" http:=\"\" alt=\"Les experts donnes des conseils sur la pratique de la marche apr\u00e8s avoir franchi la barre des 40 ans.\" width=\"1024\" height=\"576\" data-lazy-src=\"https:\/\/www.europesays.com\/fr\/wp-content\/uploads\/2025\/11\/apres-40-ans-la-marche-seule-ne-suffit-pas-voici-ce-quil-faut-absolument-ajouter-pour-rester-en-form.jpeg\"\/><\/p>\n<p id=\"caption-attachment-179593\" class=\"wp-caption-text\">Les<br \/>\nexperts donnes des conseils sur la pratique de la marche apr\u00e8s<br \/>\navoir franchi la barre des 40 ans.<\/p>\n<p>Comment ajuster sa routine apr\u00e8s<br \/>\n40 ans : conseils concrets<\/p>\n<p>Les sp\u00e9cialistes recommandent d\u2019abord de <a href=\"https:\/\/www.pleinevie.fr\/bien-etre-forme\/forme\/marche-sportive-comment-la-pratiquer-regulierement-77571.html\" target=\"_blank\" rel=\"noopener\"><br \/>\nconserver une marche r\u00e9guli\u00e8re<\/a>, mais plus vari\u00e9e et intense. Le<br \/>\nDr Mikel Daniels propose d\u2019int\u00e9grer \u00ab\u00a0la marche rapide, la<br \/>\nmarche en c\u00f4te (en mont\u00e9e ou dans les escaliers) et la marche<br \/>\nfractionn\u00e9e (alternance de rythmes plus rapides et plus lents,<br \/>\naussi appel\u00e9e marche japonaise) offrent des bienfaits<br \/>\ncardiovasculaires, musculaires et m\u00e9taboliques sup\u00e9rieurs \u00e0 ceux de<br \/>\nla marche lente\u00a0\u00bb.<\/p>\n<p>Pour aller plus loin, certains adaptent leur marche en y<br \/>\najoutant des poids aux chevilles, un <strong>gilet lest\u00e9<\/strong><br \/>\nou un <a href=\"https:\/\/www.pleinevie.fr\/conso-argent\/consommation\/un-sac-a-dos-a-leds-revolutionnaire-3369.html\" target=\"_blank\" rel=\"noopener\"><br \/>\nsac \u00e0 dos<\/a>. Mais la vraie cl\u00e9, selon le coach sportif<br \/>\n<strong>Vivien Vignali<\/strong>, c\u2019est d\u2019associer ces efforts \u00e0 des<br \/>\nexercices cibl\u00e9s. <strong>Squats<\/strong>, <strong>fentes<\/strong>,<br \/>\n<strong>pompes adapt\u00e9es<\/strong> ou planche : tout est bon pour<br \/>\nactiver les muscles. Il recommande : \u00ab\u00a0Termes de fr\u00e9quence,<br \/>\nl\u2019id\u00e9al est d\u2019int\u00e9grer 2 \u00e0 3 s\u00e9ances de renforcement musculaire par<br \/>\nsemaine, en compl\u00e9ment d\u2019une activit\u00e9 quotidienne comme la marche.<br \/>\nSi les intensit\u00e9s varient, on peut bouger tous les jours sans<br \/>\nrisque, \u00e0 condition d\u2019\u00e9couter son corps\u00a0\u00bb.<\/p>\n","protected":false},"excerpt":{"rendered":"Marcher chaque jour reste un r\u00e9flexe sant\u00e9 efficace. Mais \u00e0 partir de 40 ans, est-ce encore assez pour&hellip;\n","protected":false},"author":2,"featured_media":567274,"comment_status":"","ping_status":"","sticky":false,"template":"","format":"standard","meta":{"footnotes":""},"categories":[10],"tags":[1011,27,43274,72,71],"class_list":{"0":"post-567273","1":"post","2":"type-post","3":"status-publish","4":"format-standard","5":"has-post-thumbnail","7":"category-sante","8":"tag-fr","9":"tag-france","10":"tag-ga1","11":"tag-health","12":"tag-sante"},"share_on_mastodon":{"url":"https:\/\/pubeurope.com\/@fr\/115634618084642124","error":""},"_links":{"self":[{"href":"https:\/\/www.europesays.com\/fr\/wp-json\/wp\/v2\/posts\/567273","targetHints":{"allow":["GET"]}}],"collection":[{"href":"https:\/\/www.europesays.com\/fr\/wp-json\/wp\/v2\/posts"}],"about":[{"href":"https:\/\/www.europesays.com\/fr\/wp-json\/wp\/v2\/types\/post"}],"author":[{"embeddable":true,"href":"https:\/\/www.europesays.com\/fr\/wp-json\/wp\/v2\/users\/2"}],"replies":[{"embeddable":true,"href":"https:\/\/www.europesays.com\/fr\/wp-json\/wp\/v2\/comments?post=567273"}],"version-history":[{"count":0,"href":"https:\/\/www.europesays.com\/fr\/wp-json\/wp\/v2\/posts\/567273\/revisions"}],"wp:featuredmedia":[{"embeddable":true,"href":"https:\/\/www.europesays.com\/fr\/wp-json\/wp\/v2\/media\/567274"}],"wp:attachment":[{"href":"https:\/\/www.europesays.com\/fr\/wp-json\/wp\/v2\/media?parent=567273"}],"wp:term":[{"taxonomy":"category","embeddable":true,"href":"https:\/\/www.europesays.com\/fr\/wp-json\/wp\/v2\/categories?post=567273"},{"taxonomy":"post_tag","embeddable":true,"href":"https:\/\/www.europesays.com\/fr\/wp-json\/wp\/v2\/tags?post=567273"}],"curies":[{"name":"wp","href":"https:\/\/api.w.org\/{rel}","templated":true}]}}