{"id":567276,"date":"2025-11-29T19:24:26","date_gmt":"2025-11-29T19:24:26","guid":{"rendered":"https:\/\/www.europesays.com\/fr\/567276\/"},"modified":"2025-11-29T19:24:26","modified_gmt":"2025-11-29T19:24:26","slug":"george-clooney-vante-la-qualite-des-trains-francais-rapides-et-agreables-la-sncf-lui-repond","status":"publish","type":"post","link":"https:\/\/www.europesays.com\/fr\/567276\/","title":{"rendered":"George Clooney vante la qualit\u00e9 des trains fran\u00e7ais \u00ab\u00a0rapides\u00a0\u00bb et \u00ab\u00a0agr\u00e9ables\u00a0\u00bb, la SNCF lui r\u00e9pond"},"content":{"rendered":"<p> \u00abUnbelievable\u00a0\u00bb\u2026 Invit\u00e9 avec l\u2019acteur <a href=\"https:\/\/www.20minutes.fr\/dossier\/adam_sandler\" class=\"c-link c-link--is-underlined\" target=\"_blank\" rel=\"noopener\">Adam Sandler<\/a> dans l\u2019\u00e9mission La grande matinale sur <a href=\"https:\/\/www.20minutes.fr\/medias\/france_inter\/\" class=\"c-link c-link--is-underlined\" target=\"_blank\" rel=\"noopener\">France Inter<\/a> pour faire la promotion de son dernier film Jay Kelly, <a href=\"https:\/\/www.20minutes.fr\/dossier\/george_clooney\" class=\"c-link c-link--is-underlined\" target=\"_blank\" rel=\"noopener\">George Clooney<\/a> n\u2019a pas tari d\u2019\u00e9loges au sujet\u2026 de <a href=\"https:\/\/www.20minutes.fr\/dossier\/sncf\" class=\"c-link c-link--is-underlined\" target=\"_blank\" rel=\"noopener\">la SNCF<\/a>. Install\u00e9 dans le sud de la France, avec son \u00e9pouse Amal et leurs jumeaux, l\u2019acteur et r\u00e9alisateur am\u00e9ricain a ainsi confi\u00e9 qu\u2019il voyageait tr\u00e8s souvent en train.<\/p>\n<p>\u00ab\u00a0Il y a deux semaines, j\u2019ai pris le train pour me rendre \u00e0 Paris depuis <a href=\"https:\/\/www.20minutes.fr\/dossier\/aix-provence\" class=\"c-link c-link--is-underlined\" target=\"_blank\" rel=\"noopener\">Aix-en-Provence<\/a>. Je prends tout le temps le train, c\u2019est le moyen le plus facile pour se d\u00e9placer en Europe. Et ma femme, mes enfants et moi l\u2019avons pris depuis <a href=\"https:\/\/www.20minutes.fr\/dossier\/londres\" class=\"c-link c-link--is-underlined\" target=\"_blank\" rel=\"noopener\">Londres<\/a> pour venir ici il y a environ un mois. Nous voyageons encore beaucoup en train. J\u2019aime \u00e7a, c\u2019est facile\u00a0\u00bb, a-t-il ainsi expliqu\u00e9 au journaliste Benjamin Duhamel.<\/p>\n<p class=\"mb-m@xs text-l@xs\">En cliquant sur\u00ab J\u2019accepte \u00bb, vous acceptez le d\u00e9p\u00f4t de cookies par des services externes et aurez ainsi acc\u00e8s aux contenus de nos partenaires.<\/p>\n<p class=\"mb-xl@xs text-s@xs\">Plus d\u2019informations sur la page<a href=\"https:\/\/www.20minutes.fr\/gestion-cookies\" class=\"mx-xxs@xs color-ultramarine\" target=\"_blank\" rel=\"noopener\">Politique de gestion des cookies<\/a><\/p>\n<p>J\u2019accepte\u00ab\u00a0Ils sont incroyables, tr\u00e8s rapides, tr\u00e8s agr\u00e9ables\u00a0\u00bb<\/p>\n<p>\u00ab\u00a0Vous prenez donc la SNCF et <a href=\"https:\/\/www.20minutes.fr\/dossier\/train\" class=\"c-link c-link--is-underlined\" target=\"_blank\" rel=\"noopener\">les trains fran\u00e7ais<\/a>\u00a0?\u00a0\u00bb, lui a alors demand\u00e9 le journaliste. \u00ab\u00a0Oui, parce qu\u2019ils sont incroyables, tr\u00e8s rapides, tr\u00e8s agr\u00e9ables. C\u2019est un trajet de trois heures\u00a0\u00bb, a pr\u00e9cis\u00e9 la star, sous le regard \u00e9tonn\u00e9 de son interlocuteur.<\/p>\n<p>Une d\u00e9claration qui a visiblement amus\u00e9 la SNCF, qui a r\u00e9agi en publiant un message <a href=\"https:\/\/www.20minutes.fr\/dossier\/reseaux_sociaux\" class=\"c-link c-link--is-underlined\" target=\"_blank\" rel=\"noopener\">sur les r\u00e9seaux sociaux<\/a>. \u00ab\u00a0Cher M. Clooney, nous esp\u00e9rons vous revoir bient\u00f4t \u00e0 bord de nos trains lors de vos prochains voyages en <a href=\"https:\/\/www.20minutes.fr\/dossier\/europe\" class=\"c-link c-link--is-underlined\" target=\"_blank\" rel=\"noopener\">Europe<\/a>\u00a0\u00bb, peut-on lire dans un message publi\u00e9 sur X par le compte \u00ab\u00a0SCNF Voyageurs\u00a0\u00bb, qui a repartag\u00e9 l\u2019interview de l\u2019acteur.<\/p>\n<p>\u00ab\u00a0For the record, the french word for \u00a0\u00bbunbelievable\u00a0\u00bb is \u00a0\u00bbinou\u00ef\u00a0\u00bb [pour information, le mot fran\u00e7ais pour \u00a0\u00bbunbelievable\u00a0\u00bb, est \u00a0\u00bbinou\u00ef\u00a0\u00bb]\u00a0\u00bb, a par ailleurs ajout\u00e9 le community manager de la compagnie ferroviaire. Un petit clin d\u2019\u0153il pour mettre en avant le service de <a href=\"https:\/\/www.20minutes.fr\/dossier\/tgv\" class=\"c-link c-link--is-underlined\" target=\"_blank\" rel=\"noopener\">TGV<\/a> \u00ab\u00a0inOui\u00a0\u00bb de la SNCF\u2026<\/p>\n","protected":false},"excerpt":{"rendered":"\u00abUnbelievable\u00a0\u00bb\u2026 Invit\u00e9 avec l\u2019acteur Adam Sandler dans l\u2019\u00e9mission La grande matinale sur France Inter pour faire la promotion&hellip;\n","protected":false},"author":2,"featured_media":567277,"comment_status":"","ping_status":"","sticky":false,"template":"","format":"standard","meta":{"footnotes":""},"categories":[8],"tags":[253,7904,58,59,1011,27,6054,938,2215,926,28259],"class_list":{"0":"post-567276","1":"post","2":"type-post","3":"status-publish","4":"format-standard","5":"has-post-thumbnail","7":"category-divertissement","8":"tag-acteur","9":"tag-by-the-web","10":"tag-divertissement","11":"tag-entertainment","12":"tag-fr","13":"tag-france","14":"tag-george-clooney","15":"tag-reseaux-sociaux","16":"tag-sncf","17":"tag-train","18":"tag-twitter-x"},"share_on_mastodon":{"url":"https:\/\/pubeurope.com\/@fr\/115634625809898211","error":""},"_links":{"self":[{"href":"https:\/\/www.europesays.com\/fr\/wp-json\/wp\/v2\/posts\/567276","targetHints":{"allow":["GET"]}}],"collection":[{"href":"https:\/\/www.europesays.com\/fr\/wp-json\/wp\/v2\/posts"}],"about":[{"href":"https:\/\/www.europesays.com\/fr\/wp-json\/wp\/v2\/types\/post"}],"author":[{"embeddable":true,"href":"https:\/\/www.europesays.com\/fr\/wp-json\/wp\/v2\/users\/2"}],"replies":[{"embeddable":true,"href":"https:\/\/www.europesays.com\/fr\/wp-json\/wp\/v2\/comments?post=567276"}],"version-history":[{"count":0,"href":"https:\/\/www.europesays.com\/fr\/wp-json\/wp\/v2\/posts\/567276\/revisions"}],"wp:featuredmedia":[{"embeddable":true,"href":"https:\/\/www.europesays.com\/fr\/wp-json\/wp\/v2\/media\/567277"}],"wp:attachment":[{"href":"https:\/\/www.europesays.com\/fr\/wp-json\/wp\/v2\/media?parent=567276"}],"wp:term":[{"taxonomy":"category","embeddable":true,"href":"https:\/\/www.europesays.com\/fr\/wp-json\/wp\/v2\/categories?post=567276"},{"taxonomy":"post_tag","embeddable":true,"href":"https:\/\/www.europesays.com\/fr\/wp-json\/wp\/v2\/tags?post=567276"}],"curies":[{"name":"wp","href":"https:\/\/api.w.org\/{rel}","templated":true}]}}