{"id":567284,"date":"2025-11-29T19:32:16","date_gmt":"2025-11-29T19:32:16","guid":{"rendered":"https:\/\/www.europesays.com\/fr\/567284\/"},"modified":"2025-11-29T19:32:16","modified_gmt":"2025-11-29T19:32:16","slug":"une-pratique-tres-connue-des-milieux-hooligans-une-enquete-ouverte-apres-la-publication-dune-photo-de-policiers","status":"publish","type":"post","link":"https:\/\/www.europesays.com\/fr\/567284\/","title":{"rendered":"\u00ab\u00a0Une pratique tr\u00e8s connue des milieux hooligans\u00a0\u00bb\u2026 Une enqu\u00eate ouverte apr\u00e8s la publication d\u2019une photo de policiers"},"content":{"rendered":"<p>Que font ces policiers cagoul\u00e9s posant derri\u00e8re une banderole f\u00e9ministe et antifasciste, tenue \u00e0 l\u2019envers\u00a0? Publi\u00e9e par <a href=\"https:\/\/www.blast-info.fr\/articles\/2025\/policiers-posant-comme-des-hooligans-aucune-tolerance-nest-possible-sV52conJSJ2OCBZAxVgOSQ\" rel=\"nofollow noopener\" target=\"_blank\" class=\"c-link c-link--is-underlined\">le media Blast<\/a>, cette photo est \u00e0 l\u2019origine de l\u2019ouverture d\u2019une enqu\u00eate administrative a annonc\u00e9 la Pr\u00e9fecture de police de Paris ce samedi.<\/p>\n<p>Selon Blast, \u00ab\u00a0s\u2019afficher encagoul\u00e9s avec le mat\u00e9riel ennemi retourn\u00e9\u00a0\u00bb est \u00ab\u00a0une pratique tr\u00e8s connue des <a href=\"https:\/\/www.20minutes.fr\/sport\/football\/ligue-1\/4109939-20240913-om-plus-agites-autres-comment-commando-ultra-devenu-reference\" target=\"_blank\" class=\"c-link c-link--is-underlined\" rel=\"noopener\">milieux hooligans<\/a>\u00a0\u00bb. \u00ab\u00a0En reprenant ouvertement les codes hooligans, ces policiers affichent clairement &#8211; et fi\u00e8rement, en uniforme &#8211; leur posture d\u2019ennemis des mouvements f\u00e9ministes et antiracistes\u00a0\u00bb, poursuit le site d\u2019information.<\/p>\n<p>La banderole noire sur laquelle il est \u00e9crit en rouge et blanc \u00ab\u00a0Antifa F\u00e9ministes contre la transphobie &amp; le racisme\u00a0\u00bb a \u00e9t\u00e9 r\u00e9cup\u00e9r\u00e9e par des policiers lors de la manifestation contre les violences sexuelles et sexistes le 22\u00a0novembre \u00e0 Paris, selon le m\u00e9dia.<\/p>\n<\/p>\n<p>\u00ab\u00a0Alert\u00e9s (vendredi) de la publication d\u2019une photo repr\u00e9sentant une de ses unit\u00e9s tenant une banderole \u00e0 l\u2019envers, les services de la pr\u00e9fecture de police ont imm\u00e9diatement ouvert une enqu\u00eate administrative\u00a0\u00bb, a r\u00e9agi aupr\u00e8s de l\u2019AFP la pr\u00e9fecture de police.<\/p>\n<p>De Jean-Luc M\u00e9lenchon \u00e0 Pouria Amirshahi, les politiques r\u00e9agissent<\/p>\n<p>\u00ab\u00a0Qu\u2019il y ait des gens qui d\u00e9shonorent leur uniforme comme ceux-l\u00e0, c\u2019est une chose. Que la hi\u00e9rarchie reste muette et qu\u2019il n\u2019y ait plus un policier qui ose dire son d\u00e9saccord nous en dit long sur le danger que courent les femmes face \u00e0 de tels individus\u00a0\u00bb, a d\u00e9nonc\u00e9 sur X le leader de la France insoumise, <a href=\"https:\/\/www.20minutes.fr\/politique\/jean-luc-melenchon\/\" class=\"c-link c-link--is-underlined\" target=\"_blank\" rel=\"noopener\">Jean-Luc M\u00e9lenchon<\/a>.<\/p>\n<p>\u00ab\u00a0Non contents de se comporter comme de vulgaires hooligans, ces policiers adoptent les codes de miliciens. C\u2019est une prise de position, une volont\u00e9 d\u2019intimidation, une provocation\u00a0\u00bb, s\u2019est insurg\u00e9 dans un communiqu\u00e9 le d\u00e9put\u00e9 \u00e9cologiste de Paris Pouria Amirshahi.<\/p>\n<p>Il \u00ab\u00a0demande au ministre de l\u2019Int\u00e9rieur de rappeler que la police r\u00e9publicaine est garante des libert\u00e9s publiques, pas des id\u00e9ologies ni de l\u2019esth\u00e9tique de nervis violents et ennemis des id\u00e9es humanistes\u00a0\u00bb.<\/p>\n","protected":false},"excerpt":{"rendered":"Que font ces policiers cagoul\u00e9s posant derri\u00e8re une banderole f\u00e9ministe et antifasciste, tenue \u00e0 l\u2019envers\u00a0? Publi\u00e9e par le&hellip;\n","protected":false},"author":2,"featured_media":567285,"comment_status":"","ping_status":"","sticky":false,"template":"","format":"standard","meta":{"footnotes":""},"categories":[4],"tags":[47,11,1011,27,6018,662,303,7088,12,626,1072,8916,10162,25],"class_list":{"0":"post-567284","1":"post","2":"type-post","3":"status-publish","4":"format-standard","5":"has-post-thumbnail","7":"category-france","8":"tag-actualite","9":"tag-actualites","10":"tag-fr","11":"tag-france","12":"tag-hooligans","13":"tag-ile-de-france","14":"tag-justice","15":"tag-ministre-de-linterieur","16":"tag-news","17":"tag-paris","18":"tag-police","19":"tag-prefecture","20":"tag-racisme","21":"tag-republique-francaise"},"share_on_mastodon":{"url":"https:\/\/pubeurope.com\/@fr\/115634657431810927","error":""},"_links":{"self":[{"href":"https:\/\/www.europesays.com\/fr\/wp-json\/wp\/v2\/posts\/567284","targetHints":{"allow":["GET"]}}],"collection":[{"href":"https:\/\/www.europesays.com\/fr\/wp-json\/wp\/v2\/posts"}],"about":[{"href":"https:\/\/www.europesays.com\/fr\/wp-json\/wp\/v2\/types\/post"}],"author":[{"embeddable":true,"href":"https:\/\/www.europesays.com\/fr\/wp-json\/wp\/v2\/users\/2"}],"replies":[{"embeddable":true,"href":"https:\/\/www.europesays.com\/fr\/wp-json\/wp\/v2\/comments?post=567284"}],"version-history":[{"count":0,"href":"https:\/\/www.europesays.com\/fr\/wp-json\/wp\/v2\/posts\/567284\/revisions"}],"wp:featuredmedia":[{"embeddable":true,"href":"https:\/\/www.europesays.com\/fr\/wp-json\/wp\/v2\/media\/567285"}],"wp:attachment":[{"href":"https:\/\/www.europesays.com\/fr\/wp-json\/wp\/v2\/media?parent=567284"}],"wp:term":[{"taxonomy":"category","embeddable":true,"href":"https:\/\/www.europesays.com\/fr\/wp-json\/wp\/v2\/categories?post=567284"},{"taxonomy":"post_tag","embeddable":true,"href":"https:\/\/www.europesays.com\/fr\/wp-json\/wp\/v2\/tags?post=567284"}],"curies":[{"name":"wp","href":"https:\/\/api.w.org\/{rel}","templated":true}]}}