{"id":567292,"date":"2025-11-29T19:36:30","date_gmt":"2025-11-29T19:36:30","guid":{"rendered":"https:\/\/www.europesays.com\/fr\/567292\/"},"modified":"2025-11-29T19:36:30","modified_gmt":"2025-11-29T19:36:30","slug":"le-prix-du-batiment-est-attribue-a","status":"publish","type":"post","link":"https:\/\/www.europesays.com\/fr\/567292\/","title":{"rendered":"le prix du b\u00e2timent est attribu\u00e9 \u00e0\u2026"},"content":{"rendered":"<p>Et le prix du b\u00e2timent cat\u00e9gorie enseignement est attribu\u00e9 au D\u00e9partement de la Meuse\u00a0! La bonne nouvelle est tomb\u00e9e mardi 25\u00a0novembre lors de la c\u00e9r\u00e9monie de remise des prix Envirobat Grand Est 2025 qui s\u2019est d\u00e9roul\u00e9e au conseil d\u00e9partemental de la Meurthe-et-Moselle.<\/p>\n<p>Organis\u00e9 par Envirobat Grand Est en partenariat avec l\u2019Union r\u00e9gionale des conseils d\u2019architecture, d\u2019urbanisme et de l\u2019environnement du Grand Est, l\u2019\u00e9v\u00e9nement a r\u00e9uni 70\u00a0professionnels du b\u00e2timent et de l\u2019am\u00e9nagement pour l\u2019annonce des laur\u00e9ats de l\u2019ann\u00e9e.<\/p>\n<p>Tous les deux ans, ce prix met en lumi\u00e8re des r\u00e9alisations exemplaires dans le Grand Est, qu\u2019il s\u2019agisse de projets de construction, de r\u00e9novation ou d\u2019am\u00e9nagement int\u00e9grant des d\u00e9marches de qualit\u00e9 environnementale. Cette ann\u00e9e, 44\u00a0candidatures ont \u00e9t\u00e9 examin\u00e9es et 13 projets repr\u00e9sentatifs des enjeux de la qualit\u00e9 environnementale ont \u00e9t\u00e9 s\u00e9lectionn\u00e9s, afin que le jury d\u00e9signe les laur\u00e9ats.<\/p>\n<p>Pour le palmar\u00e8s b\u00e2timent et dans la cat\u00e9gorie enseignement, le laur\u00e9at est <a href=\"https:\/\/www.estrepublicain.fr\/economie\/2023\/06\/21\/le-college-jean-moulin-vitrine-de-l-ambition-environnementale-du-departement\" target=\"_blank\" rel=\"nofollow noopener\">la restructuration du coll\u00e8ge Jean-Moulin, \u00e0 revigny-sur-Ornain,<\/a> dont le ma\u00eetre d\u2019ouvrage est le D\u00e9partement et l\u2019architecte l\u2019agence Mil Lieux. Vice-pr\u00e9sident du conseil d\u00e9partemental de la Meuse, G\u00e9rard Abbas a re\u00e7u le prix lors de la c\u00e9r\u00e9monie. Pour rappel, l\u2019op\u00e9ration avait consist\u00e9 \u00e0 d\u00e9molir le b\u00e2timent administratif pour regrouper toutes les fonctions dans un b\u00e2timent unique, compl\u00e9t\u00e9 par une sur\u00e9l\u00e9vation et une extension. <\/p>\n<p>La sur\u00e9l\u00e9vation limite les impacts environnementaux en r\u00e9utilisant les fondations existantes. La structure est en mat\u00e9riaux biosourc\u00e9s\u00a0: ossature bois, isolation en ouate de cellulose, fibre de bois et textile recycl\u00e9. <a href=\"https:\/\/www.estrepublicain.fr\/economie\/2024\/11\/26\/ce-nouveau-college-a-revigny-sur-ornain-promet-beaucoup-pour-l-education-et-l-environnement\" target=\"_blank\" rel=\"nofollow noopener\">Gr\u00e2ce \u00e0 sa compacit\u00e9, sa bonne isolation et ses protections solaires, le b\u00e2timent atteint un niveau \u00e9nerg\u00e9tique passif.<\/a><\/p>\n","protected":false},"excerpt":{"rendered":"Et le prix du b\u00e2timent cat\u00e9gorie enseignement est attribu\u00e9 au D\u00e9partement de la Meuse\u00a0! La bonne nouvelle est&hellip;\n","protected":false},"author":2,"featured_media":567293,"comment_status":"","ping_status":"","sticky":false,"template":"","format":"standard","meta":{"footnotes":""},"categories":[9635],"tags":[1111,11,35538,3602,10174,1777,674,1011,27,775,11209,1702,12,25,35537,104],"class_list":{"0":"post-567292","1":"post","2":"type-post","3":"status-publish","4":"format-standard","5":"has-post-thumbnail","7":"category-nancy","8":"tag-actu","9":"tag-actualites","10":"tag-cc-du-pays-de-revigny-sur-ornain-55a","11":"tag-edition-bar-le-duc","12":"tag-edition-verdun","13":"tag-eu","14":"tag-europe","15":"tag-fr","16":"tag-france","17":"tag-grand-est","18":"tag-meuse","19":"tag-nancy","20":"tag-news","21":"tag-republique-francaise","22":"tag-revigny-sur-ornain","23":"tag-societe"},"share_on_mastodon":{"url":"https:\/\/pubeurope.com\/@fr\/115634673163519394","error":""},"_links":{"self":[{"href":"https:\/\/www.europesays.com\/fr\/wp-json\/wp\/v2\/posts\/567292","targetHints":{"allow":["GET"]}}],"collection":[{"href":"https:\/\/www.europesays.com\/fr\/wp-json\/wp\/v2\/posts"}],"about":[{"href":"https:\/\/www.europesays.com\/fr\/wp-json\/wp\/v2\/types\/post"}],"author":[{"embeddable":true,"href":"https:\/\/www.europesays.com\/fr\/wp-json\/wp\/v2\/users\/2"}],"replies":[{"embeddable":true,"href":"https:\/\/www.europesays.com\/fr\/wp-json\/wp\/v2\/comments?post=567292"}],"version-history":[{"count":0,"href":"https:\/\/www.europesays.com\/fr\/wp-json\/wp\/v2\/posts\/567292\/revisions"}],"wp:featuredmedia":[{"embeddable":true,"href":"https:\/\/www.europesays.com\/fr\/wp-json\/wp\/v2\/media\/567293"}],"wp:attachment":[{"href":"https:\/\/www.europesays.com\/fr\/wp-json\/wp\/v2\/media?parent=567292"}],"wp:term":[{"taxonomy":"category","embeddable":true,"href":"https:\/\/www.europesays.com\/fr\/wp-json\/wp\/v2\/categories?post=567292"},{"taxonomy":"post_tag","embeddable":true,"href":"https:\/\/www.europesays.com\/fr\/wp-json\/wp\/v2\/tags?post=567292"}],"curies":[{"name":"wp","href":"https:\/\/api.w.org\/{rel}","templated":true}]}}