{"id":567294,"date":"2025-11-29T19:37:28","date_gmt":"2025-11-29T19:37:28","guid":{"rendered":"https:\/\/www.europesays.com\/fr\/567294\/"},"modified":"2025-11-29T19:37:28","modified_gmt":"2025-11-29T19:37:28","slug":"grand-nancy-a-licl-physique-et-medecine-collaborent-pour-personnaliser-les-therapies-contre-le-cancer","status":"publish","type":"post","link":"https:\/\/www.europesays.com\/fr\/567294\/","title":{"rendered":"Grand Nancy. \u00c0 l\u2019ICL, physique et m\u00e9decine collaborent pour personnaliser les th\u00e9rapies contre le cancer"},"content":{"rendered":"<p>En d\u00e9couvrant la radioactivit\u00e9, et en l\u2019appliquant \u00e0 la radioth\u00e9rapie, <a href=\"https:\/\/www.estrepublicain.fr\/actualite\/2016\/04\/05\/marie-curie\" target=\"_blank\" rel=\"noopener\">Marie Curie, consid\u00e9r\u00e9e aujourd\u2019hui comme la m\u00e8re de la physique m\u00e9dicale,<\/a> a ouvert la voie \u00e0 des g\u00e9n\u00e9rations de m\u00e9decins et de scientifiques.<\/p>\n<p>D\u2019ailleurs, ce n\u2019est pas un hasard, si le personnel du service de physique m\u00e9dicale de <a href=\"https:\/\/www.estrepublicain.fr\/economie\/2025\/10\/27\/l-icl-un-centenaire-a-la-sante-florissante\" target=\"_blank\" rel=\"noopener\">l\u2019Institut de canc\u00e9rologie de Lorraine Alexis-Vautrin (ICL)<\/a> a c\u00e9l\u00e9br\u00e9 le 157 e anniversaire de la scientifique, le 7 novembre dernier. Marie Curie serait sans doute \u00e9bahie aujourd\u2019hui, de voir \u00e0 quel point l\u2019utilisation de sa d\u00e9couverte, a pu g\u00e9n\u00e9rer <a href=\"https:\/\/www.estrepublicain.fr\/edition-de-nancy-agglomeration\/2017\/12\/14\/radiotherapie-robotisee-l-icl-au-top\" target=\"_blank\" rel=\"noopener\">des technologies aussi pointues<\/a> , au service des malades atteints d\u2019un cancer.<\/p>\n<p>Ces technologies constituent, en tout cas, le c\u0153ur de l\u2019Unit\u00e9 de physique m\u00e9dicale de l\u2019ICL, dirig\u00e9e par Vincent Marchesi.<\/p>\n<p>\u00c0 ses c\u00f4t\u00e9s, une vingtaine de professionnels, des physiciens m\u00e9dicaux, des aides-physiciens, des dosim\u00e9tristes, et six machines&#8230;<\/p>\n","protected":false},"excerpt":{"rendered":"En d\u00e9couvrant la radioactivit\u00e9, et en l\u2019appliquant \u00e0 la radioth\u00e9rapie, Marie Curie, consid\u00e9r\u00e9e aujourd\u2019hui comme la m\u00e8re de&hellip;\n","protected":false},"author":2,"featured_media":567295,"comment_status":"","ping_status":"","sticky":false,"template":"","format":"standard","meta":{"footnotes":""},"categories":[9635],"tags":[1111,11,3602,1707,1704,1706,1705,10174,1777,674,1011,27,775,6364,3457,1702,12,25,71,4604,5711],"class_list":{"0":"post-567294","1":"post","2":"type-post","3":"status-publish","4":"format-standard","5":"has-post-thumbnail","7":"category-nancy","8":"tag-actu","9":"tag-actualites","10":"tag-edition-bar-le-duc","11":"tag-edition-luneville","12":"tag-edition-nancy-et-agglomeration","13":"tag-edition-pont-a-mousson","14":"tag-edition-toul","15":"tag-edition-verdun","16":"tag-eu","17":"tag-europe","18":"tag-fr","19":"tag-france","20":"tag-grand-est","21":"tag-metropole-du-grand-nancy-54b1","22":"tag-meurthe-et-moselle","23":"tag-nancy","24":"tag-news","25":"tag-republique-francaise","26":"tag-sante","27":"tag-selection-abonne","28":"tag-vandoeuvre-les-nancy"},"share_on_mastodon":{"url":"https:\/\/pubeurope.com\/@fr\/115634677000521031","error":""},"_links":{"self":[{"href":"https:\/\/www.europesays.com\/fr\/wp-json\/wp\/v2\/posts\/567294","targetHints":{"allow":["GET"]}}],"collection":[{"href":"https:\/\/www.europesays.com\/fr\/wp-json\/wp\/v2\/posts"}],"about":[{"href":"https:\/\/www.europesays.com\/fr\/wp-json\/wp\/v2\/types\/post"}],"author":[{"embeddable":true,"href":"https:\/\/www.europesays.com\/fr\/wp-json\/wp\/v2\/users\/2"}],"replies":[{"embeddable":true,"href":"https:\/\/www.europesays.com\/fr\/wp-json\/wp\/v2\/comments?post=567294"}],"version-history":[{"count":0,"href":"https:\/\/www.europesays.com\/fr\/wp-json\/wp\/v2\/posts\/567294\/revisions"}],"wp:featuredmedia":[{"embeddable":true,"href":"https:\/\/www.europesays.com\/fr\/wp-json\/wp\/v2\/media\/567295"}],"wp:attachment":[{"href":"https:\/\/www.europesays.com\/fr\/wp-json\/wp\/v2\/media?parent=567294"}],"wp:term":[{"taxonomy":"category","embeddable":true,"href":"https:\/\/www.europesays.com\/fr\/wp-json\/wp\/v2\/categories?post=567294"},{"taxonomy":"post_tag","embeddable":true,"href":"https:\/\/www.europesays.com\/fr\/wp-json\/wp\/v2\/tags?post=567294"}],"curies":[{"name":"wp","href":"https:\/\/api.w.org\/{rel}","templated":true}]}}