{"id":567300,"date":"2025-11-29T19:40:30","date_gmt":"2025-11-29T19:40:30","guid":{"rendered":"https:\/\/www.europesays.com\/fr\/567300\/"},"modified":"2025-11-29T19:40:30","modified_gmt":"2025-11-29T19:40:30","slug":"deux-voleurs-de-voiture-filmes","status":"publish","type":"post","link":"https:\/\/www.europesays.com\/fr\/567300\/","title":{"rendered":"deux voleurs de voiture film\u00e9s"},"content":{"rendered":"<p>                    Par<br \/>\n        <strong><br \/>\n            <a href=\"https:\/\/actu.fr\/auteur\/jm-aubert\" title=\"Consulter tous les articles de Jean-Marc Aubert\" target=\"_blank\" rel=\"noopener\">Jean-Marc Aubert<\/a><br \/>\n                    <\/strong><\/p>\n<p>        Publi\u00e9 le<\/p>\n<p>            29 nov. 2025 \u00e0 10h32        <\/p>\n<p>Comme dans un bon polar : ce mercredi matin, les rues de <strong>Fabr\u00e8gues,<\/strong> \u00e0 une quinzaine de kilom\u00e8tres \u00e0 l\u2019ouest de Montpellier ont connu une agitation avec tous les ingr\u00e9dients d\u2019un film policier. <strong>R\u00e9cit.<\/strong><\/p>\n<p class=\" wall-content\">Ce mercredi 26 novembre 2025, vers 10h30, une patrouille de <strong>policiers municipaux<\/strong> de cette commune a son attention attir\u00e9e par une voiture qui roule \u00e0 vive allure dans les rues du coeur de ville, mettant en danger pi\u00e9tons, cyclistes et autres v\u00e9hicules.<\/p>\n<p class=\" wall-content\">Les agents actionnent le gyrophare et les avertisseurs sonores, tout en suivant de pr\u00e8s cette voiture occup\u00e9e par deux individus et en alertant les<strong> gendarmes<\/strong> de la compagnie de Castelnau-le-Lez, notamment ceux de la brigade territoriale autonome -BTA- de Saint-Jean-de-V\u00e9das.<\/p>\n<p class=\" wall-content\">Le refus d\u2019obtemp\u00e9rer engage une course-poursuite par les policiers municipaux en l\u2019attente de renforts sur zone. Une chasse spectaculaire, puisque le conducteur de la voiture qui prend tous les risques pour \u00e9chapper \u00e0 la patrouille percute volontairement coup sur coup deux v\u00e9hicules pour pouvoir s\u2019\u00e9chapper.\u00a0<\/p>\n<p class=\" wall-content\">Fort heureusement, les accidents ne seront que mat\u00e9riels, les automobilistes \u00e9tant sains et saufs, mais choqu\u00e9s par les sc\u00e8nes auxquelles ils ont assist\u00e9, impuissants. Apr\u00e8s le second choc, le v\u00e9hicule \u00e9tant \u00e9galement endommag\u00e9, les deux suspects ont d\u00e9cid\u00e9 de l\u2019abandonner en pleine rue pour s\u2019enfuir \u00e0 pied.<\/p>\n<p>Vid\u00e9os : en ce moment sur Actu<\/p>\n<p class=\" wall-content\">Gr\u00e2ce aux cam\u00e9ras de <strong>vid\u00e9o-protection<\/strong> de la Ville de Fabr\u00e8gues et celles de la vid\u00e9osurveillance de l\u2019enseigne Intermarch\u00e9 Super, au niveau de l\u2019avenue Georges Clemenceau, o\u00f9 s\u2019est achev\u00e9e cette spectaculaire poursuite : les deux fuyards ont \u00e9t\u00e9 localis\u00e9s et interpell\u00e9s manu-militari. Policiers et gendarmes ont alors compris pourquoi ils avaient refus\u00e9 de s\u2019arr\u00eater quand ils ont \u00e9t\u00e9\u00a0rep\u00e9r\u00e9s une demi-heure plus t\u00f4t : la voiture \u00e9tait vol\u00e9e.\u00a0<\/p>\n<p>Votre r\u00e9gion, votre actu !<\/p>\n<p>Recevez chaque jour les infos qui comptent pour vous.<\/p>\n<p>\t<a href=\"https:\/\/actu.fr\/newsletter\" class=\"ac-btn ac-btn--corner ac-btn--medium ac-btn--blue800\" target=\"_blank\" rel=\"noopener\">S&rsquo;incrire<\/a><\/p>\n<p class=\" wall-content\">Ils ont \u00e9t\u00e9<strong> plac\u00e9s en garde \u00e0 vue<\/strong> \u00e0 la gendarmerie qui poursuit ses investigations, notamment pour \u00e9tablir quelles \u00e9taient les intentions des deux individus, en qu\u00eate sans doute d\u2019un mauvais coup. Le maire de Fabr\u00e8gues a tenu \u00e0 remercier et \u00e0 f\u00e9liciter les policiers municipaux qui ont permis cette double arrestation, apr\u00e8s une chasse \u00e0 l\u2019homme qui n\u2019est pas pass\u00e9e inaper\u00e7ue en plein jour.<\/p>\n<p class=\" wall-content\">Personnalisez votre actualit\u00e9 en ajoutant vos villes et m\u00e9dias en favori avec <a href=\"https:\/\/moncompte.actu.fr\" title=\"D\u00e9couvez Mon Actu\" rel=\"nofollow noopener\" data-trk=\"{&quot;cta&quot;:{&quot;action&quot;:&quot;https:\\\/\\\/moncompte.actu.fr&quot;,&quot;category&quot;:&quot;mon compte&quot;,&quot;from&quot;:&quot;article footer&quot;,&quot;name&quot;:&quot;Mon actu&quot;,&quot;type&quot;:&quot;cta&quot;}}\" target=\"_blank\">Mon Actu<\/a>.<\/p>\n","protected":false},"excerpt":{"rendered":"Par Jean-Marc Aubert Publi\u00e9 le 29 nov. 2025 \u00e0 10h32 Comme dans un bon polar : ce mercredi&hellip;\n","protected":false},"author":2,"featured_media":567301,"comment_status":"","ping_status":"","sticky":false,"template":"","format":"standard","meta":{"footnotes":""},"categories":[9599],"tags":[1111,11,1777,674,118,1011,27,3381,303,2208,12,2680,1072,25],"class_list":{"0":"post-567300","1":"post","2":"type-post","3":"status-publish","4":"format-standard","5":"has-post-thumbnail","7":"category-montpellier","8":"tag-actu","9":"tag-actualites","10":"tag-eu","11":"tag-europe","12":"tag-faits-divers","13":"tag-fr","14":"tag-france","15":"tag-gendarmerie","16":"tag-justice","17":"tag-montpellier","18":"tag-news","19":"tag-occitanie","20":"tag-police","21":"tag-republique-francaise"},"share_on_mastodon":{"url":"https:\/\/pubeurope.com\/@fr\/115634688679626041","error":""},"_links":{"self":[{"href":"https:\/\/www.europesays.com\/fr\/wp-json\/wp\/v2\/posts\/567300","targetHints":{"allow":["GET"]}}],"collection":[{"href":"https:\/\/www.europesays.com\/fr\/wp-json\/wp\/v2\/posts"}],"about":[{"href":"https:\/\/www.europesays.com\/fr\/wp-json\/wp\/v2\/types\/post"}],"author":[{"embeddable":true,"href":"https:\/\/www.europesays.com\/fr\/wp-json\/wp\/v2\/users\/2"}],"replies":[{"embeddable":true,"href":"https:\/\/www.europesays.com\/fr\/wp-json\/wp\/v2\/comments?post=567300"}],"version-history":[{"count":0,"href":"https:\/\/www.europesays.com\/fr\/wp-json\/wp\/v2\/posts\/567300\/revisions"}],"wp:featuredmedia":[{"embeddable":true,"href":"https:\/\/www.europesays.com\/fr\/wp-json\/wp\/v2\/media\/567301"}],"wp:attachment":[{"href":"https:\/\/www.europesays.com\/fr\/wp-json\/wp\/v2\/media?parent=567300"}],"wp:term":[{"taxonomy":"category","embeddable":true,"href":"https:\/\/www.europesays.com\/fr\/wp-json\/wp\/v2\/categories?post=567300"},{"taxonomy":"post_tag","embeddable":true,"href":"https:\/\/www.europesays.com\/fr\/wp-json\/wp\/v2\/tags?post=567300"}],"curies":[{"name":"wp","href":"https:\/\/api.w.org\/{rel}","templated":true}]}}