{"id":567308,"date":"2025-11-29T19:46:49","date_gmt":"2025-11-29T19:46:49","guid":{"rendered":"https:\/\/www.europesays.com\/fr\/567308\/"},"modified":"2025-11-29T19:46:49","modified_gmt":"2025-11-29T19:46:49","slug":"star-academy-tour-grenoble-fr","status":"publish","type":"post","link":"https:\/\/www.europesays.com\/fr\/567308\/","title":{"rendered":"Star Academy Tour &#8211; Grenoble.fr"},"content":{"rendered":"<p class=\"c-accroche__description\">Apr\u00e8s avoir conquis pr\u00e8s d\u2019un million de spectateurs et offert plus de 130 repr\u00e9sentations en France, Belgique et Suisse, le Star Academy Tour revient avec un show in\u00e9dit port\u00e9 par les artistes de cette nouvelle promotion.&#13;<br \/>Nouvelle saison, nouveaux artistes, nouvelle setlist, le Star Academy Tour fait peau neuve pour vous proposer un nouveau show toujours plus spectaculaire. Au programme : chor\u00e9graphies endiabl\u00e9es, meilleures reprises de vos chansons favorites et ambiance explosive\u2026Revivez le temps d\u2019un soir les meilleurs moments de l\u2019aventure au ch\u00e2teau en compagnie de vos acad\u00e9miciens pr\u00e9f\u00e9r\u00e9s.&#13;<br \/>Ne manquez pas l\u2019\u00e9v\u00e9nement musical incontournable de l&rsquo;ann\u00e9e et venez vivre l\u2019exp\u00e9rience Star Academy en live ! <\/p>\n","protected":false},"excerpt":{"rendered":"Apr\u00e8s avoir conquis pr\u00e8s d\u2019un million de spectateurs et offert plus de 130 repr\u00e9sentations en France, Belgique et&hellip;\n","protected":false},"author":2,"featured_media":567309,"comment_status":"","ping_status":"","sticky":false,"template":"","format":"standard","meta":{"footnotes":""},"categories":[9566],"tags":[1111,11,2430,1777,674,1011,27,2731,12,25],"class_list":{"0":"post-567308","1":"post","2":"type-post","3":"status-publish","4":"format-standard","5":"has-post-thumbnail","7":"category-grenoble","8":"tag-actu","9":"tag-actualites","10":"tag-auvergne-rhone-alpes","11":"tag-eu","12":"tag-europe","13":"tag-fr","14":"tag-france","15":"tag-grenoble","16":"tag-news","17":"tag-republique-francaise"},"share_on_mastodon":{"url":"https:\/\/pubeurope.com\/@fr\/115634716294677998","error":""},"_links":{"self":[{"href":"https:\/\/www.europesays.com\/fr\/wp-json\/wp\/v2\/posts\/567308","targetHints":{"allow":["GET"]}}],"collection":[{"href":"https:\/\/www.europesays.com\/fr\/wp-json\/wp\/v2\/posts"}],"about":[{"href":"https:\/\/www.europesays.com\/fr\/wp-json\/wp\/v2\/types\/post"}],"author":[{"embeddable":true,"href":"https:\/\/www.europesays.com\/fr\/wp-json\/wp\/v2\/users\/2"}],"replies":[{"embeddable":true,"href":"https:\/\/www.europesays.com\/fr\/wp-json\/wp\/v2\/comments?post=567308"}],"version-history":[{"count":0,"href":"https:\/\/www.europesays.com\/fr\/wp-json\/wp\/v2\/posts\/567308\/revisions"}],"wp:featuredmedia":[{"embeddable":true,"href":"https:\/\/www.europesays.com\/fr\/wp-json\/wp\/v2\/media\/567309"}],"wp:attachment":[{"href":"https:\/\/www.europesays.com\/fr\/wp-json\/wp\/v2\/media?parent=567308"}],"wp:term":[{"taxonomy":"category","embeddable":true,"href":"https:\/\/www.europesays.com\/fr\/wp-json\/wp\/v2\/categories?post=567308"},{"taxonomy":"post_tag","embeddable":true,"href":"https:\/\/www.europesays.com\/fr\/wp-json\/wp\/v2\/tags?post=567308"}],"curies":[{"name":"wp","href":"https:\/\/api.w.org\/{rel}","templated":true}]}}