{"id":56731,"date":"2025-04-27T11:44:12","date_gmt":"2025-04-27T11:44:12","guid":{"rendered":"https:\/\/www.europesays.com\/fr\/56731\/"},"modified":"2025-04-27T11:44:12","modified_gmt":"2025-04-27T11:44:12","slug":"atp-madrid-tres-tres-mauvaise-operation-pour-rublev","status":"publish","type":"post","link":"https:\/\/www.europesays.com\/fr\/56731\/","title":{"rendered":"ATP &#8211; Madrid > Tr\u00e8s, tr\u00e8s mauvaise op\u00e9ration pour Rublev !"},"content":{"rendered":"<p>Gros coup dur pour Andrey Rublev\u202f!<\/p>\n<p>Tenant du titre \u00e0 Madrid, le Russe, qui avait profit\u00e9 du forfait de Ga\u00ebl Monfils au tour pr\u00e9c\u00e9\u00addent, a \u00e9t\u00e9 sorti d\u00e8s les seizi\u00e8mes de finale du Masters 1000 espa\u00adgnol par Alexander Bublik\u00a0: 6\u20134, 0\u20136, 6\u20134, en 1h24 de\u00a0jeu.\u00a0<\/p>\n<p>Cette \u00e9limi\u00adna\u00adtion pr\u00e9ma\u00adtur\u00e9e a de lourdes cons\u00e9\u00adquences pour Rublev puis\u00adqu\u2019il va sortir du top 15 pour la premi\u00e8re fois depuis janvier 2020\u202f!\u00a0<\/p>\n<p>Conseill\u00e9 par Marat Safin, le joueur de 27 ans ne va pas mieux. Il vient de conc\u00e9der sa sixi\u00e8me d\u00e9faite sur les huit derniers matchs, et sa troi\u00adsi\u00e8me d\u00e9faite en quatre matchs depuis l\u2019ar\u00adriv\u00e9e dans son \u00e9quipe de son compatriote.\u00a0<\/p>\n<blockquote class=\"twitter-tweet\">\n<p lang=\"en\" dir=\"ltr\">BIG win for Bublik \ud83d\udc4f<\/p>\n<p>He takes out the defen\u00adding cham\u00adpion Rublev 6\u20134 0\u20136 6\u20134\u202f!<a href=\"https:\/\/twitter.com\/hashtag\/MMOpen?src=hash&amp;ref_src=twsrc%5Etfw\" data-wpel-link=\"external\" target=\"_blank\" rel=\"nofollow external noopener\">#MMOpen<\/a> <a href=\"https:\/\/t.co\/YSlHMjCqWV\" data-wpel-link=\"external\" target=\"_blank\" rel=\"nofollow external noopener\">pic.twitter.com\/YSlHMjCqWV<\/a><\/p>\n<p>\u2014 Tennis TV (@TennisTV) <a href=\"https:\/\/twitter.com\/TennisTV\/status\/1916441275324080593?ref_src=twsrc%5Etfw\" data-wpel-link=\"external\" target=\"_blank\" rel=\"nofollow external noopener\">April 27,\u00a02025<\/a><\/p><\/blockquote>\n<p>En huiti\u00e8mes de finale, Alexander Bublik (d\u00e9sor\u00admais 75e mondial) affron\u00adtera la vain\u00adqueur du march entre Ben Shelton et Jakub Mensik.\u00a0<\/p>\n<p class=\"post-published-date\" style=\"color: silver; font-size: 75%; text-align: left;\">Publi\u00e9 le dimanche 27 avril 2025 \u00e0 12:46<\/p>\n<p><script async src=\"https:\/\/platform.twitter.com\/widgets.js\" charset=\"utf-8\"><\/script><\/p>\n","protected":false},"excerpt":{"rendered":"Gros coup dur pour Andrey Rublev\u202f! Tenant du titre \u00e0 Madrid, le Russe, qui avait profit\u00e9 du forfait&hellip;\n","protected":false},"author":2,"featured_media":56732,"comment_status":"","ping_status":"","sticky":false,"template":"","format":"standard","meta":{"footnotes":""},"categories":[1415],"tags":[15212,1011,27,3770,60,1467],"class_list":{"0":"post-56731","1":"post","2":"type-post","3":"status-publish","4":"format-standard","5":"has-post-thumbnail","7":"category-tennis","8":"tag-bublik","9":"tag-fr","10":"tag-france","11":"tag-monfils","12":"tag-sports","13":"tag-tennis"},"share_on_mastodon":{"url":"https:\/\/pubeurope.com\/@fr\/114409757978449701","error":""},"_links":{"self":[{"href":"https:\/\/www.europesays.com\/fr\/wp-json\/wp\/v2\/posts\/56731","targetHints":{"allow":["GET"]}}],"collection":[{"href":"https:\/\/www.europesays.com\/fr\/wp-json\/wp\/v2\/posts"}],"about":[{"href":"https:\/\/www.europesays.com\/fr\/wp-json\/wp\/v2\/types\/post"}],"author":[{"embeddable":true,"href":"https:\/\/www.europesays.com\/fr\/wp-json\/wp\/v2\/users\/2"}],"replies":[{"embeddable":true,"href":"https:\/\/www.europesays.com\/fr\/wp-json\/wp\/v2\/comments?post=56731"}],"version-history":[{"count":0,"href":"https:\/\/www.europesays.com\/fr\/wp-json\/wp\/v2\/posts\/56731\/revisions"}],"wp:featuredmedia":[{"embeddable":true,"href":"https:\/\/www.europesays.com\/fr\/wp-json\/wp\/v2\/media\/56732"}],"wp:attachment":[{"href":"https:\/\/www.europesays.com\/fr\/wp-json\/wp\/v2\/media?parent=56731"}],"wp:term":[{"taxonomy":"category","embeddable":true,"href":"https:\/\/www.europesays.com\/fr\/wp-json\/wp\/v2\/categories?post=56731"},{"taxonomy":"post_tag","embeddable":true,"href":"https:\/\/www.europesays.com\/fr\/wp-json\/wp\/v2\/tags?post=56731"}],"curies":[{"name":"wp","href":"https:\/\/api.w.org\/{rel}","templated":true}]}}