{"id":567310,"date":"2025-11-29T19:47:19","date_gmt":"2025-11-29T19:47:19","guid":{"rendered":"https:\/\/www.europesays.com\/fr\/567310\/"},"modified":"2025-11-29T19:47:19","modified_gmt":"2025-11-29T19:47:19","slug":"acigne-caoseries-de-cafe-un-spectacle-tout-en-gallo","status":"publish","type":"post","link":"https:\/\/www.europesays.com\/fr\/567310\/","title":{"rendered":"Acign\u00e9. \u00a0\u00ab\u00a0Caoseries de caf\u00e9\u00a0\u00bb, un spectacle tout en gallo"},"content":{"rendered":"<p>Mardi, la troupe de th\u00e9\u00e2tre en gallo de Servon-sur-Vilaine proposera, une repr\u00e9sentation de son spectacle \u00ab\u00a0Caoseries de caf\u00e9\u00a0\u00bb.<\/p>\n<p>Apr\u00e8s le succ\u00e8s de \u00ab\u2019Lan\u00e9e ao courtil\u00a0\u00bb, l\u2019atelier de gallo de la Maison des jeunes et de la culture (MJC) de Servon s\u2019est attach\u00e9 \u00e0 affirmer la reconnaissance et la valorisation de la langue gallo.<\/p>\n<p>\u00a0Des dialogues truculents autour de th\u00e8mes contemporains et par des personnages hauts en couleur. On y abordera les Jeux olympiques, le mara\u00eechage ou encore le changement climatique. La troupe initiale s\u2019est \u00e9toff\u00e9e et a pris un \u00e9norme plaisir \u00e0 \u00e9crire cette pi\u00e8ce qui se d\u00e9roule dans un caf\u00e9\u00a0: espace interm\u00e9diaire entre travail et maison\u00a0, raconte Thierry Besnard, de troupe.<\/p>\n<p>Le metteur en sc\u00e8ne, Franck Douaglin, qui est aussi enseignant, conteur, com\u00e9dien et doubleur de courts-m\u00e9trages, a gagn\u00e9 la bogue d\u2019argent, au festival de la Bogue d\u2019or, \u00e0 Redon, en octobre.<\/p>\n<p><strong class=\"MBI_b\">Mardi 2\u00a0d\u00e9cembre<\/strong>, \u00e0 20\u00a0h\u00a030, \u00e0 la salle Glenmor. Libre participation. Contact\u00a0: lemoulinet.bzh<\/p>\n<p>\u00a0<\/p>\n","protected":false},"excerpt":{"rendered":"Mardi, la troupe de th\u00e9\u00e2tre en gallo de Servon-sur-Vilaine proposera, une repr\u00e9sentation de son spectacle \u00ab\u00a0Caoseries de caf\u00e9\u00a0\u00bb.&hellip;\n","protected":false},"author":2,"featured_media":567311,"comment_status":"","ping_status":"","sticky":false,"template":"","format":"standard","meta":{"footnotes":""},"categories":[2821],"tags":[14966,1111,11,829,4586,68238,1777,674,1011,27,13437,12,584,25,3140],"class_list":{"0":"post-567310","1":"post","2":"type-post","3":"status-publish","4":"format-standard","5":"has-post-thumbnail","7":"category-rennes","8":"tag-acigne","9":"tag-actu","10":"tag-actualites","11":"tag-bretagne","12":"tag-cafe","13":"tag-caoseries","14":"tag-eu","15":"tag-europe","16":"tag-fr","17":"tag-france","18":"tag-gallo","19":"tag-news","20":"tag-rennes","21":"tag-republique-francaise","22":"tag-spectacle"},"share_on_mastodon":{"url":"https:\/\/pubeurope.com\/@fr\/115634716368028069","error":""},"_links":{"self":[{"href":"https:\/\/www.europesays.com\/fr\/wp-json\/wp\/v2\/posts\/567310","targetHints":{"allow":["GET"]}}],"collection":[{"href":"https:\/\/www.europesays.com\/fr\/wp-json\/wp\/v2\/posts"}],"about":[{"href":"https:\/\/www.europesays.com\/fr\/wp-json\/wp\/v2\/types\/post"}],"author":[{"embeddable":true,"href":"https:\/\/www.europesays.com\/fr\/wp-json\/wp\/v2\/users\/2"}],"replies":[{"embeddable":true,"href":"https:\/\/www.europesays.com\/fr\/wp-json\/wp\/v2\/comments?post=567310"}],"version-history":[{"count":0,"href":"https:\/\/www.europesays.com\/fr\/wp-json\/wp\/v2\/posts\/567310\/revisions"}],"wp:featuredmedia":[{"embeddable":true,"href":"https:\/\/www.europesays.com\/fr\/wp-json\/wp\/v2\/media\/567311"}],"wp:attachment":[{"href":"https:\/\/www.europesays.com\/fr\/wp-json\/wp\/v2\/media?parent=567310"}],"wp:term":[{"taxonomy":"category","embeddable":true,"href":"https:\/\/www.europesays.com\/fr\/wp-json\/wp\/v2\/categories?post=567310"},{"taxonomy":"post_tag","embeddable":true,"href":"https:\/\/www.europesays.com\/fr\/wp-json\/wp\/v2\/tags?post=567310"}],"curies":[{"name":"wp","href":"https:\/\/api.w.org\/{rel}","templated":true}]}}