{"id":567312,"date":"2025-11-29T19:48:13","date_gmt":"2025-11-29T19:48:13","guid":{"rendered":"https:\/\/www.europesays.com\/fr\/567312\/"},"modified":"2025-11-29T19:48:13","modified_gmt":"2025-11-29T19:48:13","slug":"futsal-d2-herouville-merite-sa-victoire-contre-la-ta-rennes-sport","status":"publish","type":"post","link":"https:\/\/www.europesays.com\/fr\/567312\/","title":{"rendered":"Futsal &#8211; D2. H\u00e9rouville m\u00e9rite sa victoire contre la TA Rennes . Sport"},"content":{"rendered":"<p>Samir Alla, suspendu, regardait le match depuis les tribunes. Sans son leader embl\u00e9matique, la question \u00e9tait pos\u00e9e de savoir quel serait le visage de la formation normande. Pour tout dire, il \u00e9tait plut\u00f4t chatoyant, souriant. H\u00e9rouville dominait les d\u00e9bats, mais il fallait attendre le premier quart d\u2019heure pour voir les locaux concr\u00e9tisaient leur main mise. La mi-temps \u00e9tait siffl\u00e9e sur le score de deux \u00e0 z\u00e9ro.<\/p>\n<p>Une victoire logique<\/p>\n<p>Un peu comme si le but de Nabil Alla, inscrit \u00e0 quatorze secondes de la mi-temps, avait donn\u00e9 des id\u00e9es aux H\u00e9rouvillais, les Normands d\u00e9marraient la seconde p\u00e9riode avec des intentions offensives d\u00e9cupl\u00e9es. Les passes arrivaient, les r\u00e9cup\u00e9rations de balles se multipliaient, les occasions s\u2019encha\u00eenaient. Rennes tentait de laisser passer l\u2019orage. Une faute du gardien calvadosien permettait aux visiteurs de r\u00e9duire le score sur un penalty plut\u00f4t justifi\u00e9 (2-1, 24\u2019).<\/p>\n<p>D\u00e8s lors, le match prenait une nouvelle tournure mais, H\u00e9rouville, sur un but d\u2019\u00e9cole, marquait une troisi\u00e8me fois (3-1, 27\u2019). Adam Rhouila et Nabil Alla y allaient de leur doubl\u00e9 et les locaux prenaient le large (5-2). Elhis redonnait espoir aux Bretons (37\u2019) mais, malgr\u00e9 le choix d\u2019un power-play, les visiteurs ne pouvaient renverser la rencontre. H\u00e9rouville s\u2019imposait donc assez logiquement.<\/p>\n<p><strong>H\u00c9ROUVILLE &#8211; TA RENNES\u00a0: 5-4 <\/strong>(2-0)<\/p>\n<p><strong>BUTS.<\/strong>\u00a0H\u00e9rouville\u00a0: H. Errouass (17\u2019), N. Alla (20\u2019, 32\u2019), Rhouila (27\u2019, 34\u2019). Rennes\u00a0: El Guerbi (24\u2019, 33\u2019), Elhis (37\u2019), Drame (39\u2019).<\/p>\n<p><strong>AVERTISSEMENTS.<\/strong> H\u00e9rouville\u00a0: Koussi (14), Rault-Pauillac (24\u2019), Baghit (35\u2019). Rennes\u00a0: Drame (38\u2019).<\/p>\n<p><strong>H\u00c9ROUVILLE\u00a0:<\/strong> Rault-Pauillac (g), Koussi, N. Alla, Rhouila, Baghit, Errouass, Diomande, Altarhouni, Ozdemir, Briki.<\/p>\n<p><strong>RENNES\u00a0:<\/strong> Mazampiri (g), Elhis, Khelif, Diakit\u00e9, Mounivong, Drame, El Guerbi, Quentric, Oukrinna, Diaby, Guillermic, Karombe.<\/p>\n<p>\u00a0<\/p>\n","protected":false},"excerpt":{"rendered":"Samir Alla, suspendu, regardait le match depuis les tribunes. Sans son leader embl\u00e9matique, la question \u00e9tait pos\u00e9e de&hellip;\n","protected":false},"author":2,"featured_media":567313,"comment_status":"","ping_status":"","sticky":false,"template":"","format":"standard","meta":{"footnotes":""},"categories":[2821],"tags":[1111,11,3809,1465,829,1777,674,63,1011,27,1792,1922,12,3086,584,25,479,517,1470],"class_list":{"0":"post-567312","1":"post","2":"type-post","3":"status-publish","4":"format-standard","5":"has-post-thumbnail","7":"category-rennes","8":"tag-actu","9":"tag-actualites","10":"tag-ball","11":"tag-basket","12":"tag-bretagne","13":"tag-eu","14":"tag-europe","15":"tag-football","16":"tag-fr","17":"tag-france","18":"tag-handball","19":"tag-info","20":"tag-news","21":"tag-redon","22":"tag-rennes","23":"tag-republique-francaise","24":"tag-rugby","25":"tag-sport","26":"tag-volley"},"share_on_mastodon":{"url":"https:\/\/pubeurope.com\/@fr\/115634720237025602","error":""},"_links":{"self":[{"href":"https:\/\/www.europesays.com\/fr\/wp-json\/wp\/v2\/posts\/567312","targetHints":{"allow":["GET"]}}],"collection":[{"href":"https:\/\/www.europesays.com\/fr\/wp-json\/wp\/v2\/posts"}],"about":[{"href":"https:\/\/www.europesays.com\/fr\/wp-json\/wp\/v2\/types\/post"}],"author":[{"embeddable":true,"href":"https:\/\/www.europesays.com\/fr\/wp-json\/wp\/v2\/users\/2"}],"replies":[{"embeddable":true,"href":"https:\/\/www.europesays.com\/fr\/wp-json\/wp\/v2\/comments?post=567312"}],"version-history":[{"count":0,"href":"https:\/\/www.europesays.com\/fr\/wp-json\/wp\/v2\/posts\/567312\/revisions"}],"wp:featuredmedia":[{"embeddable":true,"href":"https:\/\/www.europesays.com\/fr\/wp-json\/wp\/v2\/media\/567313"}],"wp:attachment":[{"href":"https:\/\/www.europesays.com\/fr\/wp-json\/wp\/v2\/media?parent=567312"}],"wp:term":[{"taxonomy":"category","embeddable":true,"href":"https:\/\/www.europesays.com\/fr\/wp-json\/wp\/v2\/categories?post=567312"},{"taxonomy":"post_tag","embeddable":true,"href":"https:\/\/www.europesays.com\/fr\/wp-json\/wp\/v2\/tags?post=567312"}],"curies":[{"name":"wp","href":"https:\/\/api.w.org\/{rel}","templated":true}]}}