{"id":567314,"date":"2025-11-29T19:49:13","date_gmt":"2025-11-29T19:49:13","guid":{"rendered":"https:\/\/www.europesays.com\/fr\/567314\/"},"modified":"2025-11-29T19:49:13","modified_gmt":"2025-11-29T19:49:13","slug":"lampertheim-la-voiture-fait-plusieurs-tonneaux-et-percute-un-arbre-le-conducteur-gravement-blesse","status":"publish","type":"post","link":"https:\/\/www.europesays.com\/fr\/567314\/","title":{"rendered":"Lampertheim. La voiture fait plusieurs tonneaux et percute un arbre, le conducteur gravement bless\u00e9"},"content":{"rendered":"<p>Vers 23h50,\u00a0dans la nuit de vendredi 28 \u00e0 samedi 29 novembre, une voiture qui circulait sur la route M64 \u00e0 Lampertheim, en direction de Vendenheim, a\u00a0fait une sortie de route, suivie de plusieurs tonneaux. Elle a termin\u00e9 sa course contre un arbre.<\/p>\n<p>Conscient \u00e0 l&rsquo;arriv\u00e9e des sapeurs-pompiers, le conducteur, \u00e2g\u00e9 de 24 ans, a \u00e9t\u00e9 extrait de son v\u00e9hicule et transport\u00e9\u00a0en urgence absolue au CHU de Hautepierre \u00e0 Strasbourg.<\/p>\n<p>Sans permis de conduire<\/p>\n<p>Les gendarmes \u00e9taient \u00e9galement pr\u00e9sents sur le lieu de l&rsquo;accident. Les premiers \u00e9l\u00e9ments de l&rsquo;enqu\u00eate ont permis d&rsquo;\u00e9tablir que l&rsquo;automobiliste circulait \u00e0 tr\u00e8s vive allure et qu&rsquo;il n&rsquo;\u00e9tait pas titulaire du permis de conduire.\u00a0<\/p>\n","protected":false},"excerpt":{"rendered":"Vers 23h50,\u00a0dans la nuit de vendredi 28 \u00e0 samedi 29 novembre, une voiture qui circulait sur la route&hellip;\n","protected":false},"author":2,"featured_media":567315,"comment_status":"","ping_status":"","sticky":false,"template":"","format":"standard","meta":{"footnotes":""},"categories":[2820],"tags":[119,1111,11,2649,2880,1777,674,274,107,1011,27,775,10462,12,25,640],"class_list":{"0":"post-567314","1":"post","2":"type-post","3":"status-publish","4":"format-standard","5":"has-post-thumbnail","7":"category-strasbourg","8":"tag-accident","9":"tag-actu","10":"tag-actualites","11":"tag-bas-rhin","12":"tag-edition-strasbourg","13":"tag-eu","14":"tag-europe","15":"tag-faits-divers-justice","16":"tag-fil-info","17":"tag-fr","18":"tag-france","19":"tag-grand-est","20":"tag-lampertheim","21":"tag-news","22":"tag-republique-francaise","23":"tag-strasbourg"},"share_on_mastodon":{"url":"https:\/\/pubeurope.com\/@fr\/115634724226345611","error":""},"_links":{"self":[{"href":"https:\/\/www.europesays.com\/fr\/wp-json\/wp\/v2\/posts\/567314","targetHints":{"allow":["GET"]}}],"collection":[{"href":"https:\/\/www.europesays.com\/fr\/wp-json\/wp\/v2\/posts"}],"about":[{"href":"https:\/\/www.europesays.com\/fr\/wp-json\/wp\/v2\/types\/post"}],"author":[{"embeddable":true,"href":"https:\/\/www.europesays.com\/fr\/wp-json\/wp\/v2\/users\/2"}],"replies":[{"embeddable":true,"href":"https:\/\/www.europesays.com\/fr\/wp-json\/wp\/v2\/comments?post=567314"}],"version-history":[{"count":0,"href":"https:\/\/www.europesays.com\/fr\/wp-json\/wp\/v2\/posts\/567314\/revisions"}],"wp:featuredmedia":[{"embeddable":true,"href":"https:\/\/www.europesays.com\/fr\/wp-json\/wp\/v2\/media\/567315"}],"wp:attachment":[{"href":"https:\/\/www.europesays.com\/fr\/wp-json\/wp\/v2\/media?parent=567314"}],"wp:term":[{"taxonomy":"category","embeddable":true,"href":"https:\/\/www.europesays.com\/fr\/wp-json\/wp\/v2\/categories?post=567314"},{"taxonomy":"post_tag","embeddable":true,"href":"https:\/\/www.europesays.com\/fr\/wp-json\/wp\/v2\/tags?post=567314"}],"curies":[{"name":"wp","href":"https:\/\/api.w.org\/{rel}","templated":true}]}}