{"id":567316,"date":"2025-11-29T19:50:25","date_gmt":"2025-11-29T19:50:25","guid":{"rendered":"https:\/\/www.europesays.com\/fr\/567316\/"},"modified":"2025-11-29T19:50:25","modified_gmt":"2025-11-29T19:50:25","slug":"strasbourg-les-cyclistes-incites-a-contourner-le-marche-de-noel-par-le-ring","status":"publish","type":"post","link":"https:\/\/www.europesays.com\/fr\/567316\/","title":{"rendered":"Strasbourg. Les cyclistes incit\u00e9s \u00e0 contourner le march\u00e9 de No\u00ebl par le ring"},"content":{"rendered":"<p>Pendant la p\u00e9riode du march\u00e9 de No\u00ebl de Strasbourg, la circulation \u00e0 v\u00e9lo \u00e0 travers la ville reste inchang\u00e9e. La Grande-\u00cele est autoris\u00e9e aux cyclistes et accessible depuis l\u2019ensemble des ponts, mais en raison de la forte affluence pi\u00e9tonne, il leur est recommand\u00e9 de contourner le p\u00e9rim\u00e8tre par <a href=\"https:\/\/www.dna.fr\/politique\/2025\/08\/14\/on-a-teste-le-ring-velo-autour-de-la-grande-ile\" target=\"_blank\" rel=\"noopener\">le ring<\/a>.<\/p>\n<p>Pour acc\u00e9der \u00e0 la Grande-\u00cele et aux march\u00e9s lors des p\u00e9riodes de forte affluence, il est conseill\u00e9 de stationner son v\u00e9lo \u00e0 proximit\u00e9 du ring et de continuer \u00e0 pied. Par ailleurs, il est fortement d\u00e9conseill\u00e9 de circuler \u00e0 v\u00e9lo sur les places accueillant les march\u00e9s.<\/p>\n<p>Un carte de l&rsquo;itin\u00e9raire disponible en ligne<\/p>\n<p>Pour l\u2019acc\u00e8s au c\u0153ur du centre-ville, un itin\u00e9raire malin a \u00e9t\u00e9 trac\u00e9 au sol en vert, afin d\u2019orienter les cyclistes vers des rues \u00e0 moindre fr\u00e9quentation pi\u00e9tonne. Cet itin\u00e9raire a aussi \u00e9t\u00e9 jalonn\u00e9 par des panneaux d\u00e9di\u00e9s.<\/p>\n<p>Aussi, comme chaque ann\u00e9e, du mobilier urbain (bancs, arceaux \u00e0 v\u00e9los, poubelles\u2026) est provisoirement retir\u00e9 de l\u2019espace public pour laisser place aux chalets du march\u00e9 de No\u00ebl. Pour compenser cette perte en stationnement v\u00e9lo, des nouveaux arceaux sont install\u00e9s pour la dur\u00e9e de l\u2019\u00e9v\u00e9nement. Cette ann\u00e9e, le renfort en stationnement temporaire a \u00e9t\u00e9 cibl\u00e9 \u00e0 proximit\u00e9 du ring.<\/p>\n<p>Une carte mat\u00e9rialisant l\u2019itin\u00e9raire malin ainsi que les emplacements pour v\u00e9los \u00e0 privil\u00e9gier est disponible en ligne sur \u201cSe d\u00e9placer \u00e0 v\u00e9lo | No\u00ebl \u00e0 Strasbourg\u201d.<\/p>\n","protected":false},"excerpt":{"rendered":"Pendant la p\u00e9riode du march\u00e9 de No\u00ebl de Strasbourg, la circulation \u00e0 v\u00e9lo \u00e0 travers la ville reste&hellip;\n","protected":false},"author":2,"featured_media":567317,"comment_status":"","ping_status":"","sticky":false,"template":"","format":"standard","meta":{"footnotes":""},"categories":[2820],"tags":[1111,11,3542,2880,1777,674,107,1011,27,775,12,25,640,2879,2803],"class_list":{"0":"post-567316","1":"post","2":"type-post","3":"status-publish","4":"format-standard","5":"has-post-thumbnail","7":"category-strasbourg","8":"tag-actu","9":"tag-actualites","10":"tag-circulation","11":"tag-edition-strasbourg","12":"tag-eu","13":"tag-europe","14":"tag-fil-info","15":"tag-fr","16":"tag-france","17":"tag-grand-est","18":"tag-news","19":"tag-republique-francaise","20":"tag-strasbourg","21":"tag-strasbourg-ville","22":"tag-transport"},"share_on_mastodon":{"url":"https:\/\/pubeurope.com\/@fr\/115634728120338609","error":""},"_links":{"self":[{"href":"https:\/\/www.europesays.com\/fr\/wp-json\/wp\/v2\/posts\/567316","targetHints":{"allow":["GET"]}}],"collection":[{"href":"https:\/\/www.europesays.com\/fr\/wp-json\/wp\/v2\/posts"}],"about":[{"href":"https:\/\/www.europesays.com\/fr\/wp-json\/wp\/v2\/types\/post"}],"author":[{"embeddable":true,"href":"https:\/\/www.europesays.com\/fr\/wp-json\/wp\/v2\/users\/2"}],"replies":[{"embeddable":true,"href":"https:\/\/www.europesays.com\/fr\/wp-json\/wp\/v2\/comments?post=567316"}],"version-history":[{"count":0,"href":"https:\/\/www.europesays.com\/fr\/wp-json\/wp\/v2\/posts\/567316\/revisions"}],"wp:featuredmedia":[{"embeddable":true,"href":"https:\/\/www.europesays.com\/fr\/wp-json\/wp\/v2\/media\/567317"}],"wp:attachment":[{"href":"https:\/\/www.europesays.com\/fr\/wp-json\/wp\/v2\/media?parent=567316"}],"wp:term":[{"taxonomy":"category","embeddable":true,"href":"https:\/\/www.europesays.com\/fr\/wp-json\/wp\/v2\/categories?post=567316"},{"taxonomy":"post_tag","embeddable":true,"href":"https:\/\/www.europesays.com\/fr\/wp-json\/wp\/v2\/tags?post=567316"}],"curies":[{"name":"wp","href":"https:\/\/api.w.org\/{rel}","templated":true}]}}