{"id":567322,"date":"2025-11-29T19:53:16","date_gmt":"2025-11-29T19:53:16","guid":{"rendered":"https:\/\/www.europesays.com\/fr\/567322\/"},"modified":"2025-11-29T19:53:16","modified_gmt":"2025-11-29T19:53:16","slug":"maman-solo-dune-enfant-de-5-ans-sira-a-trouve-une-famille-marraine-a-nantes","status":"publish","type":"post","link":"https:\/\/www.europesays.com\/fr\/567322\/","title":{"rendered":"Maman solo d\u2019une enfant de 5 ans, Sira, a trouv\u00e9 une \u00ab famille marraine \u00bb \u00e0 Nantes"},"content":{"rendered":"<p>                    Par<br \/>\n        <strong><br \/>\n            <a href=\"https:\/\/actu.fr\/auteur\/laure-gentil\" title=\"Consulter tous les articles de Laure Gentil\" target=\"_blank\" rel=\"noopener\">Laure Gentil<\/a><br \/>\n                    <\/strong><\/p>\n<p>        Publi\u00e9 le<\/p>\n<p>            29 nov. 2025 \u00e0 17h22        <\/p>\n<p>Avec son b\u00e9ret sur la t\u00eate et son grand sourire, <b>Sira <\/b>respire la joie de vivre. Rien ne laisse transpara\u00eetre l\u2019adolescence difficile qu\u2019elle a v\u00e9cue, son voyage plein d\u2019emb\u00fbches de la Guin\u00e9e-Conakry \u00e0 la France, et la grossesse qu\u2019elle n\u2019avait pas du tout pr\u00e9vue. Apr\u00e8s la naissance de sa petite fille, Sira a pu <a href=\"https:\/\/actu.fr\/pays-de-la-loire\/nantes_44109\/letre-humain-nest-pas-fait-pour-vivre-seul-ils-trouvent-des-familles-pour-des-mamans-solo_63442703.html\" target=\"_blank\" rel=\"noopener\">recevoir le soutien de l\u2019association nantaise Marraine &amp; Vous.<\/a> Devenue \u00ab\u2009filleule\u2009\u00bb, elle a retrouv\u00e9 du lien social et a pu \u00e9lever son enfant plus sereinement. Cette maman solo de 29\u00a0ans a accept\u00e9 de raconter son histoire et son exp\u00e9rience \u00e0 actu Nantes.\u00a0Rencontre.<\/p>\n<p>Elle fuit un mariage forc\u00e9<\/p>\n<p class=\" wall-content\">Sira a vu le jour en Guin\u00e9e-Conakry, la seule fille d\u2019une famille de 19\u00a0enfants. Sa m\u00e8re \u00e9tait la premi\u00e8re \u00e9pouse de son p\u00e8re. Alors qu\u2019elle n\u2019avait que 16\u00a0ans, ce dernier d\u00e9cide de l<b>a marier en \u00e9change d\u2019une somme d\u2019argent <\/b>mais sa m\u00e8re refuse un tel destin pour sa fille. Discr\u00e8tement, elle organise le d\u00e9part de Sira pour la France.<\/p>\n<blockquote class=\"ac-article-quote wall-content\">\n<p>Elle a dit : \u00ab Ma fille, elle ne va jamais vivre la m\u00eame chose que moi\u2009\u00bb.<\/p>\n<p>Sira<\/p><\/blockquote>\n<p class=\" wall-content\">La m\u00e8re de Sira ne dit rien \u00e0 sa fille pour \u00e9viter que son projet ne s\u2019\u00e9bruite. Sira est pr\u00e9venue au dernier moment. Un passeur l\u2019am\u00e8ne \u00e0 Paris en \u00e9change de 10\u2009000 euros, puis \u00e0 Angers o\u00f9 elle est accueillie par une famille. Celle-ci la maltraite et refuse de l\u2019envoyer \u00e0 l\u2019\u00e9cole comme promis \u00e0 la m\u00e8re de Sira. Une connaissance de cette famille, horrifi\u00e9e par le traitement de la jeune fille, la conduit \u00e0 Nantes. \u00ab\u2009Elle m\u2019a d\u00e9pos\u00e9 \u00e0 la police. Ils m\u2019ont plac\u00e9e en foyer\u2009\u00bb.<\/p>\n<blockquote class=\"ac-article-quote wall-content\">\n<p>Ils m\u2019ont demand\u00e9 au foyer ce que je voulais faire. J\u2019ai dit que je voulais r\u00e9aliser le r\u00eave de ma m\u00e8re, que je voulais aller \u00e0 l\u2019\u00e9cole.<\/p>\n<p>Sira<\/p><\/blockquote>\n<p class=\" wall-content\">Un r\u00eave qu\u2019elle a r\u00e9alis\u00e9. Les larmes lui montent aux yeux lorsqu\u2019elle en parle. Il se passe<b> trois ans <\/b>avant qu\u2019elle n\u2019ait des nouvelles de sa m\u00e8re rest\u00e9e au pays. Depuis, elles se sont retrouv\u00e9es.<\/p>\n<p class=\" wall-content\">Entre-temps, une association, Parrain par milles, lui trouve une premi\u00e8re famille marraine. \u00ab\u2009\u00c7a s\u2019est tellement bien pass\u00e9 qu\u2019on est pass\u00e9 par une adoption simple\u2009\u00bb. Sira avait 17\u00a0ans. Lorsque sa famille adoptive part sur Pouliguen, elle d\u00e9cide de rester dans la cit\u00e9 des ducs. Sira devient <b>aide-soignante.<\/b><\/p>\n<p>Votre r\u00e9gion, votre actu !<\/p>\n<p>Recevez chaque jour les infos qui comptent pour vous.<\/p>\n<p>\t<a href=\"https:\/\/actu.fr\/newsletter\" class=\"ac-btn ac-btn--corner ac-btn--medium ac-btn--blue800\" target=\"_blank\" rel=\"noopener\">S&rsquo;incrire<\/a><\/p>\n<blockquote class=\"ac-article-quote wall-content\">\n<p>Ma vie en France, je ne pouvais pas r\u00eaver mieux.<\/p>\n<p>Sira<\/p><\/blockquote>\n<p class=\" wall-content\">Sira a r\u00e9cemment pass\u00e9 son <b>entretien d\u2019assimilation <\/b>en vue d\u2019obtenir la nationalit\u00e9 fran\u00e7aise et souhaite continuer ses formations pour devenir <b>\u00e9ducatrice :\u2009<\/b>\u00ab\u2009J\u2019ai \u00e9t\u00e9 suivie par des \u00e9ducateurs quand je suis arriv\u00e9e, c\u2019est un m\u00e9tier qui me tenterait.\u2009\u00bb<\/p>\n<p>\u00ab\u2009C\u2019\u00e9tait une surprise\u2009\u00bb<\/p>\n<p class=\" wall-content\">La grossesse est arriv\u00e9e sans crier gare. \u00ab\u2009C\u2019\u00e9tait une surprise\u2009\u00bb, admet Sira. \u00ab\u2009Une surprise parce que d\u00e9j\u00e0 je n\u2019\u00e9tais pas en France. Je suis partie voir ma m\u00e8re au pays, elle avait fait un AVC. Or, il y avait le Covid et le confinement\u2009\u00bb. Sira ne pouvait donc pas rentrer pour un <b>avortement\u2009:<\/b> \u00ab\u2009Je ne pouvais pas avorter en Guin\u00e9e, je n\u2019ai pas voulu prendre le risque. Je sais combien de femmes meurent durant un avortement. Je voulais faire \u00e7a en France\u2009\u00bb. Sira ne se voyait pas devenir m\u00e8re, toute seule, \u00e0 24\u00a0ans. \u00ab\u2009Je n\u2019\u00e9tais pas pr\u00eate\u2009\u00bb, reconna\u00eet-elle simplement.<\/p>\n<p class=\" wall-content\">Quand elle parvient enfin \u00e0 revenir en France, il est trop tard : le <b>d\u00e9lai l\u00e9gal est pass\u00e9.<\/b> \u00ab\u2009J\u2019\u00e9tais boulevers\u00e9e, je n\u2019\u00e9tais pas bien\u2009\u00bb, soupire la jeune femme. S\u2019ajoute \u00e0 cela que la grossesse est compliqu\u00e9e m\u00e9dicalement en raison de son <b>an\u00e9mie<\/b>.<\/p>\n<blockquote class=\"ac-article-quote wall-content\">\n<p>J\u2019\u00e9tais entre l\u2019h\u00f4pital et la maison. Une semaine hospitalis\u00e9e, deux jours \u00e0 la maison.<\/p>\n<p>Sira<\/p><\/blockquote>\n<p class=\" wall-content\">L\u2019accouchement est finalement d\u00e9clench\u00e9 et Sira donne naissance \u00e0 une petite fille. \u00ab\u2009Ma m\u00e8re adoptive \u00e9tait toujours l\u00e0\u2009\u00bb, raconte cette maman solo, \u00e9mue. \u00ab\u2009Quand je suis sortie de l\u2019h\u00f4pital, je suis partie directement au Pouliguen pour ne pas \u00eatre seule\u2009\u00bb. Mais Sira doit rentrer sur Nantes pour son travail. Et l\u00e0, la solitude est in\u00e9vitable.<\/p>\n<p>L\u2019asso Marraine &amp; Vous \u00e0 la rescousse<\/p>\n<p class=\" wall-content\">\u00ab\u2009Quand je suis revenue \u00e0 Nantes, la PMI (service de protection maternelle et infantile N.D.L.R.) m\u2019a appel\u00e9e et m\u2019a parl\u00e9 de <b>Marraine &amp; Vous\u2009<\/b>\u00bb, explique la jeune femme. Apr\u00e8s un entretien avec l\u2019association, on lui propose un\u00a0match avec une famille. \u00ab\u2009Ils m\u2019ont fait rencontrer Sarah et son mari Vianney\u2009\u00bb. Le sourire de Sira s\u2019\u00e9largit lorsqu\u2019elle parle du couple. \u00ab\u2009J\u2019ai su sur le champs que \u00e7a allait bien se passer entre nous\u2009\u00bb.<\/p>\n<p class=\" wall-content\">Ils font des balades en bord de Loire, mangent ensemble\u2026 Lorsque Sira a chang\u00e9 d\u2019appartement, ils l\u2019ont aid\u00e9 \u00e0 d\u00e9m\u00e9nager et \u00e0 monter les meubles. Le couple et leurs enfants emm\u00e8nent m\u00eame Sira et sa fille en vacances sur la c\u00f4te bretonne. Sira le r\u00e9p\u00e8te \u00e0 plusieurs reprises\u2009: \u00ab\u2009Ce sont des gens bien.\u2009\u00bb<\/p>\n<p class=\" wall-content\">Le <b>soutien psychologique<\/b> est ind\u00e9niable pour cette maman solo. Sira travaille de nuit et a parfois besoin de repos. Sa famille marraine se propose alors souvent pour garder son enfant.<\/p>\n<blockquote class=\"ac-article-quote wall-content\">\n<p>Il y a un vrai soutien\u2009! Quand \u00e7a ne va pas, ils sont l\u00e0 tout de suite. C\u2019est un soulagement pour moi.<\/p>\n<p>Sira<\/p><\/blockquote>\n<p class=\" wall-content\">Aujourd\u2019hui, la petite fille de Sira a 5 ans et a \u00ab\u2009d\u00e9velopp\u00e9 son caract\u00e8re\u2009\u00bb, la vie continue pour cette petite famille. La connexion avec la famille marraine est toujours aussi forte. \u00ab\u2009Je conseillerais toujours aux mamans solo d\u2019avoir une famille marraine.\u2009\u00bb<\/p>\n<p class=\" wall-content\">Personnalisez votre actualit\u00e9 en ajoutant vos villes et m\u00e9dias en favori avec <a href=\"https:\/\/moncompte.actu.fr\" title=\"D\u00e9couvez Mon Actu\" rel=\"nofollow noopener\" data-trk=\"{&quot;cta&quot;:{&quot;action&quot;:&quot;https:\\\/\\\/moncompte.actu.fr&quot;,&quot;category&quot;:&quot;mon compte&quot;,&quot;from&quot;:&quot;article footer&quot;,&quot;name&quot;:&quot;Mon actu&quot;,&quot;type&quot;:&quot;cta&quot;}}\" target=\"_blank\">Mon Actu<\/a>.<\/p>\n","protected":false},"excerpt":{"rendered":"Par Laure Gentil Publi\u00e9 le 29 nov. 2025 \u00e0 17h22 Avec son b\u00e9ret sur la t\u00eate et son&hellip;\n","protected":false},"author":2,"featured_media":567323,"comment_status":"","ping_status":"","sticky":false,"template":"","format":"standard","meta":{"footnotes":""},"categories":[2818],"tags":[1111,11,1777,674,1011,27,766,12,2636,9026,25,104,240],"class_list":{"0":"post-567322","1":"post","2":"type-post","3":"status-publish","4":"format-standard","5":"has-post-thumbnail","7":"category-nantes","8":"tag-actu","9":"tag-actualites","10":"tag-eu","11":"tag-europe","12":"tag-fr","13":"tag-france","14":"tag-nantes","15":"tag-news","16":"tag-pays-de-la-loire","17":"tag-portrait","18":"tag-republique-francaise","19":"tag-societe","20":"tag-temoignage"},"share_on_mastodon":{"url":"https:\/\/pubeurope.com\/@fr\/115634740091244658","error":""},"_links":{"self":[{"href":"https:\/\/www.europesays.com\/fr\/wp-json\/wp\/v2\/posts\/567322","targetHints":{"allow":["GET"]}}],"collection":[{"href":"https:\/\/www.europesays.com\/fr\/wp-json\/wp\/v2\/posts"}],"about":[{"href":"https:\/\/www.europesays.com\/fr\/wp-json\/wp\/v2\/types\/post"}],"author":[{"embeddable":true,"href":"https:\/\/www.europesays.com\/fr\/wp-json\/wp\/v2\/users\/2"}],"replies":[{"embeddable":true,"href":"https:\/\/www.europesays.com\/fr\/wp-json\/wp\/v2\/comments?post=567322"}],"version-history":[{"count":0,"href":"https:\/\/www.europesays.com\/fr\/wp-json\/wp\/v2\/posts\/567322\/revisions"}],"wp:featuredmedia":[{"embeddable":true,"href":"https:\/\/www.europesays.com\/fr\/wp-json\/wp\/v2\/media\/567323"}],"wp:attachment":[{"href":"https:\/\/www.europesays.com\/fr\/wp-json\/wp\/v2\/media?parent=567322"}],"wp:term":[{"taxonomy":"category","embeddable":true,"href":"https:\/\/www.europesays.com\/fr\/wp-json\/wp\/v2\/categories?post=567322"},{"taxonomy":"post_tag","embeddable":true,"href":"https:\/\/www.europesays.com\/fr\/wp-json\/wp\/v2\/tags?post=567322"}],"curies":[{"name":"wp","href":"https:\/\/api.w.org\/{rel}","templated":true}]}}